{"id":869,"date":"2015-06-18T17:51:00","date_gmt":"2015-06-18T17:51:00","guid":{"rendered":""},"modified":"-0001-11-30T00:00:00","modified_gmt":"-0001-11-29T22:00:00","slug":"","status":"publish","type":"post","link":"http:\/\/www.chapelle-crecy.com\/?p=869","title":{"rendered":"Cr\u00e9cy: Faites de la Musique pour louer Dieu !"},"content":{"rendered":"<div align=\"justify\">A Cr\u00e9cy, la paroisse ne fait pas les choses \u00e0\u00a0 moiti\u00e9 ! Voici les 4 temps forts qui vous sont propos\u00e9s pour dimanche prochain:<br \/>\n&#8211; 1 &#8211; Invitation du P\u00e8re Aim\u00e9 \u00e0\u00a0 une Grand Messe<br \/>\nEn ce premier jour de l&rsquo;\u00e9t\u00e9, le P\u00e8re Aim\u00e9 invite chaleureusement \u00e0\u00a0 [la Coll\u00e9giale Notre-Dame de l&rsquo;Assomption->https:\/\/www.youtube.com\/watch?v=fF8WF9zWokE] tout particuli\u00e8rement les personnes qui ont re\u00e7u un sacrement en 2015 (bapt\u00eame, initiation chr\u00e9tienne pour les cat\u00e9chum\u00e8nes lors de la [Vigile Pascale 2015->https:\/\/plus.google.com\/photos\/116545266305861726394\/albums\/6161834344469352801], communion, confirmation, mariage, sacrement des malades, etc); mais aussi plus g\u00e9n\u00e9ralement toutes les personnes qui souhaitent remercier Dieu pour ce qu&rsquo;elles ont v\u00e9cu de beau cette ann\u00e9e et pour venir lui rendre gr ce.<br \/>\nRetrouvez dans la suite de cet article, en pi\u00e8ce jointe, l&rsquo;ensemble des pri\u00e8res adress\u00e9es en action de gr ce.<br \/>\n&#8211; 2 &#8211; A 12h30, barbecue g\u00e9ant et pique-nique fraternel sur les pelouses de la Coll\u00e9giale<br \/>\n&#8211; 3 &#8211; une famille Cr\u00e9coise, les Galindo sous le nom de \u00ab\u00a0Ephem\u00e8re\u00a0\u00bb se produira de 14h \u00e0\u00a0 15h \u00e0\u00a0 Cr\u00e9cy, et chantera une dizaine de compositions personnelles \u00e0\u00a0 connotation spirituelle. Venez les \u00e9couter place de la mairie (voir le programme complet en pi\u00e8ce jointe au bas de cet article.)<br \/>\n&#8211; 4 &#8211; Le Petit Choeur du Grand Morin vous proposera \u00e0\u00a0 16h un concert d&rsquo;exception en l&rsquo;\u00e9glise St Georges de Couilly Pont-aux-Dames.<br \/>\nRetrouvez le d\u00e9tail de ce programme ci-apr\u00e8s.<\/div>\n<div align=\"justify\">\n 1 &#8211; Invitation du P\u00e8re Aim\u00e9 \u00e0 une Grand Messe<br \/>\n Pourquoi une messe d&rsquo;action de gr\u00e2ce?<br \/>\n Quand nous y r\u00e9fl\u00e9chissons un peu, notre existence et la vie de ceux qui nous entourent nous d\u00e9passent; ce don d&rsquo;amour venu d&rsquo;ailleurs nous pousse \u00e0 dire merci. Ce sont pas moins de 20 pri\u00e8res d&rsquo;action de gr\u00e2ce qui seront offertes (\u00e9quipes liturgiques, \u00e9quipe fun\u00e9raille, \u00e9quipe communication, Equipe Notre-Dame, etc.) au cours de cette messe pour dire notre reconnaissance au Seigneur.<br \/>\n Voici la partition du chant d&rsquo;action de gr\u00e2ce que nous entonnerons tous ensemble:<\/p>\n<div align=\"center\"><img decoding=\"async\" src=\"\/IMG\/jpg\/bouche1.jpg\" width=400><\/div>\n<div align=\"center\"><img decoding=\"async\" src=\"\/IMG\/jpg\/bouche2.jpg\" width=400><\/div>\n<div align=\"center\"><img decoding=\"async\" src=\"\/IMG\/jpg\/bouche3.jpg\" width=400><\/div>\n<p> 2 &#8211; A 12h30, barbecue g\u00e9ant et pique-nique fraternel sur les pelouses de la Coll\u00e9giale<br \/>\n L&rsquo;Equipe d&rsquo;Animation Pastorale souhaite vous voir nombreux, \u00e0 l&rsquo;issue de la messe, pour prendre le temps de partager un pique-nique tir\u00e9 du sac autour de quelques saucisses pos\u00e9es sur des charbons ardents, et devant le cadre exceptionnel de cette magnifique coll\u00e9giale du XII\u00e8me si\u00e8cle.<\/p>\n<div align=\"center\"><img decoding=\"async\" src=\"\/IMG\/jpg\/LaCollegiale.jpg\" width=400><\/div>\n<p> Revisionnez cette superbe [vid\u00e9o de la Coll\u00e9giale->https:\/\/www.youtube.com\/watch?v=fF8WF9zWokE] o\u00f9 notre ami Jacques Piedeloup nous rappelle dans quel haut-lieu seine-et-marnais nous nous trouvons.<\/p>\n<p> 3 &#8211; une famille Cr\u00e9coise, les Galindo se produira de 14h \u00e0 15h, place de la mairie de Cr\u00e9cy<br \/>\n Vous les connaissez tous, tr\u00e8s actifs au niveau du jumelage Cr\u00e9cy-Pielenhofen, entre autres, la famille Galindo f\u00eate la musique \u00e0 sa mani\u00e8re. Venez les encourager en venant nombreux participer \u00e0 leur audition!<\/p>\n<div align=\"center\"><img decoding=\"async\" src=\"\/IMG\/jpg\/galindo.jpg\" width=300><\/div>\n<div align=\"center\">Le groupe \u00ab\u00a0Eph\u00e9m\u00e8re\u00a0\u00bb<\/div>\n<p> Ce sont 10 compositions (paroles et musiques) qui vous seront interpr\u00e9t\u00e9es par:<br \/>\n Jean-Marc \u00e0 la guitare classique,<br \/>\n Rapha\u00ebl \u00e0 la guitare \u00e9lectrique,<br \/>\n Sylvie au synth\u00e9tiseur,<br \/>\n Elo\u00efse et Doriane feront les choeurs.<br \/>\n C&rsquo;est une premi\u00e8re, donc du jamais entendu, ni m\u00eame jamais vu \u00e0 Cr\u00e9cy !<br \/>\n Tout est parti d&rsquo;une id\u00e9e de Val\u00e9rie Lefebvre, pendant les f\u00eates du jumelage de mai dernier, qui a sollicit\u00e9 Jean-Marc.<br \/>\n Certaines chansons ont \u00e9t\u00e9 compos\u00e9es, il y a d\u00e9j\u00e0 20 ans et avaient d\u00e9j\u00e0 \u00e9t\u00e9 interpr\u00e9t\u00e9es lors d&rsquo;un concert pour une  action caritative ATD Quart Monde en Alsace. Jean-Marc a toujours ce go\u00fbt prononc\u00e9 pour la musique et a compos\u00e9 depuis, pr\u00e8s de 80 chansons, plut\u00f4t \u00e0 connotation spirituelle. <\/p>\n<p> 4 &#8211; Concert du Petit Choeur du Grand Morin \u00e0 16h<\/p>\n<div align=\"center\"><img decoding=\"async\" src=\"\/IMG\/jpg\/CouillyConcert.jpg\" width=350><\/div>\n<\/div>\n","protected":false},"excerpt":{"rendered":"<p>A Cr\u00e9cy, la paroisse ne fait pas les choses \u00e0\u00a0 moiti\u00e9 ! Voici les 4 temps forts qui vous sont propos\u00e9s pour dimanche prochain: &#8211; 1 &#8211; Invitation du P\u00e8re Aim\u00e9 \u00e0\u00a0 une Grand&#46;&#46;&#46;<\/p>\n","protected":false},"author":2,"featured_media":0,"comment_status":"open","ping_status":"open","sticky":false,"template":"","format":"standard","meta":{"footnotes":""},"categories":[],"tags":[],"class_list":["post-869","post","type-post","status-publish","format-standard","hentry"],"_links":{"self":[{"href":"http:\/\/www.chapelle-crecy.com\/index.php?rest_route=\/wp\/v2\/posts\/869","targetHints":{"allow":["GET"]}}],"collection":[{"href":"http:\/\/www.chapelle-crecy.com\/index.php?rest_route=\/wp\/v2\/posts"}],"about":[{"href":"http:\/\/www.chapelle-crecy.com\/index.php?rest_route=\/wp\/v2\/types\/post"}],"author":[{"embeddable":true,"href":"http:\/\/www.chapelle-crecy.com\/index.php?rest_route=\/wp\/v2\/users\/2"}],"replies":[{"embeddable":true,"href":"http:\/\/www.chapelle-crecy.com\/index.php?rest_route=%2Fwp%2Fv2%2Fcomments&post=869"}],"version-history":[{"count":0,"href":"http:\/\/www.chapelle-crecy.com\/index.php?rest_route=\/wp\/v2\/posts\/869\/revisions"}],"wp:attachment":[{"href":"http:\/\/www.chapelle-crecy.com\/index.php?rest_route=%2Fwp%2Fv2%2Fmedia&parent=869"}],"wp:term":[{"taxonomy":"category","embeddable":true,"href":"http:\/\/www.chapelle-crecy.com\/index.php?rest_route=%2Fwp%2Fv2%2Fcategories&post=869"},{"taxonomy":"post_tag","embeddable":true,"href":"http:\/\/www.chapelle-crecy.com\/index.php?rest_route=%2Fwp%2Fv2%2Ftags&post=869"}],"curies":[{"name":"wp","href":"https:\/\/api.w.org\/{rel}","templated":true}]}}