{"id":872,"date":"2015-06-24T23:48:53","date_gmt":"2015-06-24T23:48:53","guid":{"rendered":""},"modified":"-0001-11-30T00:00:00","modified_gmt":"-0001-11-29T22:00:00","slug":"","status":"publish","type":"post","link":"http:\/\/www.chapelle-crecy.com\/?p=872","title":{"rendered":"Une grande joie dans notre secteur: un nouveau pr\u00eatre originaire de Villiers Louis sera ordonn\u00e9 le 27 juin 2015 \u00e0\u00a0 9h30 \u00e0\u00a0 ND de Paris"},"content":{"rendered":"<div align=\"justify\">Louis a 35 ans. Parisien de naissance, il est le fils ain\u00e9 d'[Henri Corpechot->http:\/\/www.chapelle-crecy.com\/spip.php?article453&#038;lang=fr] et a deux fr\u00e8res. Il a grandi \u00e0\u00a0 Paris, en s&rsquo;engageant en particulier dans la paroisse de Notre-Dame de Clignancourt (18e). Il a obtenu une ma\u00eetrise en Lettres Modernes et travaill\u00e9 durant trois ans, en particulier au Service Chr\u00e9tien du Cin\u00e9ma. Entr\u00e9 en 2008 \u00e0\u00a0 la Maison Saint-Augustin, il a ensuite \u00e9t\u00e9 envoy\u00e9 pour sa formation \u00e0\u00a0 la Maison Notre-Dame de la Strada, o\u00f9 il a pass\u00e9 cinq ans, et obtenu son baccalaur\u00e9at canonique de th\u00e9ologie. Depuis son [ordination->http:\/\/www.mavocation.org] diaconale en septembre dernier, Louis a servi dans une communaut\u00e9 de l'[Arche->http:\/\/www.arche-france.org] en Bretagne, au [Caillou Blanc->http:\/\/www.arche-france.org\/communautes\/l-arche-le-caillou-blanc] pr\u00e8s de Quimper, aupr\u00e8s de personnes avec un handicap.<br \/>\nLouis Corpechot sera ordonn\u00e9 pr\u00eatre \u00e0\u00a0 Notre-Dame de Paris par le [Cardinal Andr\u00e9 Vingt-Trois, 9h30, samedi 27 juin->http:\/\/radionotredame.net\/2015\/vie-de-leglise\/ordinations-sacerdotales-2015-37869]. Suivez la c\u00e9r\u00e9monie en direct sur [KTO-> http:\/\/www.ktotv.com\/cms\/programmes]<br \/>\nR\u00e9servons-lui un excellent accueil, en participant \u00e0\u00a0 sa premi\u00e8re messe qu&rsquo;il c\u00e9l\u00e8brera le dimanche 28 juin, \u00e0\u00a0 11h, en l&rsquo;\u00e9glise [St R\u00e9mi de Villiers-sur-Morin->https:\/\/www.youtube.com\/watch?v=tKksQGKj3Ns].<\/div>\n","protected":false},"excerpt":{"rendered":"<p>Louis a 35 ans. Parisien de naissance, il est le fils ain\u00e9 d'[Henri Corpechot->http:\/\/www.chapelle-crecy.com\/spip.php?article453&#038;lang=fr] et a deux fr\u00e8res. Il a grandi \u00e0\u00a0 Paris, en s&rsquo;engageant en particulier dans la paroisse de Notre-Dame de Clignancourt&#46;&#46;&#46;<\/p>\n","protected":false},"author":2,"featured_media":0,"comment_status":"open","ping_status":"open","sticky":false,"template":"","format":"standard","meta":{"footnotes":""},"categories":[],"tags":[],"class_list":["post-872","post","type-post","status-publish","format-standard","hentry"],"_links":{"self":[{"href":"http:\/\/www.chapelle-crecy.com\/index.php?rest_route=\/wp\/v2\/posts\/872","targetHints":{"allow":["GET"]}}],"collection":[{"href":"http:\/\/www.chapelle-crecy.com\/index.php?rest_route=\/wp\/v2\/posts"}],"about":[{"href":"http:\/\/www.chapelle-crecy.com\/index.php?rest_route=\/wp\/v2\/types\/post"}],"author":[{"embeddable":true,"href":"http:\/\/www.chapelle-crecy.com\/index.php?rest_route=\/wp\/v2\/users\/2"}],"replies":[{"embeddable":true,"href":"http:\/\/www.chapelle-crecy.com\/index.php?rest_route=%2Fwp%2Fv2%2Fcomments&post=872"}],"version-history":[{"count":0,"href":"http:\/\/www.chapelle-crecy.com\/index.php?rest_route=\/wp\/v2\/posts\/872\/revisions"}],"wp:attachment":[{"href":"http:\/\/www.chapelle-crecy.com\/index.php?rest_route=%2Fwp%2Fv2%2Fmedia&parent=872"}],"wp:term":[{"taxonomy":"category","embeddable":true,"href":"http:\/\/www.chapelle-crecy.com\/index.php?rest_route=%2Fwp%2Fv2%2Fcategories&post=872"},{"taxonomy":"post_tag","embeddable":true,"href":"http:\/\/www.chapelle-crecy.com\/index.php?rest_route=%2Fwp%2Fv2%2Ftags&post=872"}],"curies":[{"name":"wp","href":"https:\/\/api.w.org\/{rel}","templated":true}]}}