{"id":874,"date":"2015-06-29T14:53:26","date_gmt":"2015-06-29T14:53:26","guid":{"rendered":""},"modified":"-0001-11-30T00:00:00","modified_gmt":"-0001-11-29T22:00:00","slug":"","status":"publish","type":"post","link":"http:\/\/www.chapelle-crecy.com\/?p=874","title":{"rendered":"Premi\u00e8re messe \u00e9mouvante de Louis Corpechot en l&rsquo;\u00e9glise St R\u00e9mi de Villiers-sur-Morin"},"content":{"rendered":"<div align=\"justify\">\u00ab\u00a0Comme nous l&rsquo;avions annonc\u00e9 sur ce site, de nombreux paroissiens ont regard\u00e9 en direct, hier, sur [KTO->http:\/\/www.ktotv.com\/videos-chretiennes\/emissions\/nouveautes\/direct-a-notre-dame-de-paris-ordinations-sacerdotales\/00097538] votre messe d&rsquo;ordination sacerdotale, cher Louis, et ils vous ont entendu r\u00e9pondre au Cardinal Andr\u00e9 Vingt-Trois: \u00ab\u00a0Me voici\u00a0\u00bb. La paroisse de Villiers-sur-Morin, votre famille, vos amis r\u00e9unis en une foule innombrable sont heureux de vous dire ici dans cette \u00e9glise St R\u00e9mi qui vous est si ch\u00e8re, \u00ab\u00a0Nous voici\u00a0\u00bb pour vous accueillir et vous t\u00e9moigner de notre tr\u00e8s grande joie pour votre engagement total \u00e0\u00a0 la suite du Christ.\u00a0\u00bb<br \/>\nApr\u00e8s ce mot d&rsquo;introduction, au nom de l&rsquo;Equipe d&rsquo;Animation Paroissiale de Cr\u00e9cy, qui accueillait le nouveau pr\u00eatre Louis Corpechot pour sa premi\u00e8re messe, 40 ans apr\u00e8s son oncle Fran\u00e7ois qui lui aussi avait effectu\u00e9 ses pr\u00e9mices dans cette m\u00eame \u00e9glise, nous vous proposons l&rsquo;album-photo de ces deux journ\u00e9es inoubliables.<\/div>\n<div align=\"justify\">\n Photos de l&rsquo;ordination de Louis Corpechot et des 12 autres ordinants, en la cath\u00e9drale Notre-Dame de Paris, le 27 juin 2015 \u00e0 9h30<\/p>\n<div align=\"center\"><img decoding=\"async\" src=\"\/IMG\/jpg\/corpechot-L.jpg\" width=350><\/div>\n<div align=\"center\">Louis r\u00e9pond \u00e0 l&rsquo;appel du Cardinal: \u00ab\u00a0Me voici\u00a0\u00bb<\/div>\n<div align=\"center\"><img decoding=\"async\" src=\"\/IMG\/jpg\/Corpechot-L2.jpg\" width=450><\/div>\n<div align=\"center\"><img decoding=\"async\" src=\"\/IMG\/jpg\/Corpechot-L3.jpg\" width=450><\/div>\n<div align=\"center\">Les 13 ordinands: C\u00e9dric Anastase, Louis Corpechot, Jean Delvolv\u00e9, R\u00e9my Engelmann, Pierre Hoang Minh Chien, Cyrille Janssen, Stanislas Manuel, Arnaud Nicolas, Jocelyn Petitfils, Paul de Quatrebarbes, Augustin Servois, Yannick Soufflet et Philippe Vigneron<\/div>\n<div align=\"center\"><img decoding=\"async\" src=\"\/IMG\/jpg\/Corpechot-L4.jpg\" width=450><\/div>\n<div align=\"center\"> Les 13 ordinands sont prostr\u00e9s. Prions pour ces 13 futurs nouveaux pr\u00eatres<\/div>\n<div style=\"background-color:#0099CC;\">\n<div style=\"padding:0px;border:5px solid #993333;\">\n<p style=\"color:#993333;\">Zoom sur le site [www.mavocation.org->http:\/\/www.mavocation.org]<\/p>\n<p>Vous souhaitez en savoir plus sur la formation des pr\u00eatres? Sur la fa\u00e7on de devenir religieuse? Vous avez besoin d&rsquo;aide pour discerner? Les Services des vocations des dioc\u00e8ses de Paris et de Nanterre ont mis en place ce site Internet d\u00e9di\u00e9 aux vocations, pour tous ceux qui souhaitent s&rsquo;informer sur ce sujet au centre de la vie de tout baptis\u00e9. Vous y trouverez des t\u00e9moignages de vie, des \u00e9clairages sur les diff\u00e9rentes facettes des vocations, mais aussi toutes les informations pratiques pour participer aux \u00e9v\u00e8nements vocationnels des Eglises de Paris et Nanterre ou les revivre: ordinations de pr\u00eatres ou de diacres, Journ\u00e9e de pri\u00e8re pour les vocations, f\u00eate de la vie consacr\u00e9e, &#8230; RDV sur [www.mavocation.org->http:\/\/www.mavocation.org]<\/div>\n<\/div>\n<p> Photos de la premi\u00e8re messe ou \u00ab\u00a0Messe des Pr\u00e9mices\u00a0\u00bb du P\u00e8re Louis Corpechot, en l&rsquo;\u00e9glise Saint R\u00e9mi de Villiers-sur-Morin, ce dimanche 28 juin 2015 \u00e0 11h00<\/p>\n<div align=\"center\"><img decoding=\"async\" src=\"\/IMG\/jpg\/Corpechot-L11.jpg\" width=450><\/div>\n<div align=\"center\"><img decoding=\"async\" src=\"\/IMG\/jpg\/Corpechot-L5.jpg\" width=450><\/div>\n<div align=\"center\">L&rsquo;\u00e9glise de Villiers \u00e9tait archi-comble pour accueillir son nouveau pr\u00eatre<\/div>\n<div align=\"center\"><img decoding=\"async\" src=\"\/IMG\/jpg\/Corpechot-L6.jpg\" width=450><\/div>\n<div align=\"center\">Premi\u00e8re hom\u00e9lie du P\u00e8re Louis Corpechot<\/div>\n<div align=\"center\"><img decoding=\"async\" src=\"\/IMG\/jpg\/Corpechot-L7.jpg\" width=450><\/div>\n<div align=\"center\">Les \u00e9ducateurs sp\u00e9cialis\u00e9s et une personne handicap\u00e9e du Caillou Blanc (l&rsquo;Arche de Quimper) ont pri\u00e9 avec ferveur pour Louis, pendant la c\u00e9r\u00e9monie<\/div>\n<div align=\"center\"><img decoding=\"async\" src=\"\/IMG\/jpg\/logo-corpechot.jpg\" width=450><\/div>\n<div align=\"center\">Avec quelques paroissiens du secteur pastoral, le P\u00e8re Louis Corpechot (ordonn\u00e9 le 27 juin 2015) et son oncle le P\u00e8re Fran\u00e7ois Corpechot (ordonn\u00e9 le 28 juin 1975), cur\u00e9 de p\u00f4le de Provins posent pour la photo de famille<\/div>\n<div align=\"center\"><img decoding=\"async\" src=\"\/IMG\/jpg\/Corpechot-L9.jpg\" width=450><\/div>\n<div align=\"center\">Un ap\u00e9ritif dinatoire avait \u00e9t\u00e9 organis\u00e9 pour se rafra \u00eechir et se restaurer \u00e0 l&rsquo;issue de la c\u00e9r\u00e9monie<\/div>\n<div align=\"center\"><img decoding=\"async\" src=\"\/IMG\/jpg\/Corpechot-L8.jpg\" width=450><\/div>\n<div align=\"center\">A l&rsquo;issue du repas, tous les amis de l&rsquo;Arche de Quimper o\u00f9 a oeuvr\u00e9 Louis \u00e9taient heureux d&rsquo;entourer le jeune pr\u00eatre qu&rsquo;ils aiment tant!<\/div>\n<div align=\"center\"><img decoding=\"async\" src=\"\/IMG\/jpg\/Corpechot-L10.jpg\" width=450><\/div>\n<div align=\"center\">Les amis du Caillou Blanc du P\u00e8re Louis repartent pour 7 heures de route (avec les pauses) jusqu&rsquo;\u00e0 Quimper. Ils vous saluent \u00e0 leur mani\u00e8re!<\/div>\n<\/div>\n","protected":false},"excerpt":{"rendered":"<p>\u00ab\u00a0Comme nous l&rsquo;avions annonc\u00e9 sur ce site, de nombreux paroissiens ont regard\u00e9 en direct, hier, sur [KTO->http:\/\/www.ktotv.com\/videos-chretiennes\/emissions\/nouveautes\/direct-a-notre-dame-de-paris-ordinations-sacerdotales\/00097538] votre messe d&rsquo;ordination sacerdotale, cher Louis, et ils vous ont entendu r\u00e9pondre au Cardinal Andr\u00e9 Vingt-Trois: \u00ab\u00a0Me&#46;&#46;&#46;<\/p>\n","protected":false},"author":2,"featured_media":0,"comment_status":"open","ping_status":"open","sticky":false,"template":"","format":"standard","meta":{"footnotes":""},"categories":[],"tags":[],"class_list":["post-874","post","type-post","status-publish","format-standard","hentry"],"_links":{"self":[{"href":"http:\/\/www.chapelle-crecy.com\/index.php?rest_route=\/wp\/v2\/posts\/874","targetHints":{"allow":["GET"]}}],"collection":[{"href":"http:\/\/www.chapelle-crecy.com\/index.php?rest_route=\/wp\/v2\/posts"}],"about":[{"href":"http:\/\/www.chapelle-crecy.com\/index.php?rest_route=\/wp\/v2\/types\/post"}],"author":[{"embeddable":true,"href":"http:\/\/www.chapelle-crecy.com\/index.php?rest_route=\/wp\/v2\/users\/2"}],"replies":[{"embeddable":true,"href":"http:\/\/www.chapelle-crecy.com\/index.php?rest_route=%2Fwp%2Fv2%2Fcomments&post=874"}],"version-history":[{"count":0,"href":"http:\/\/www.chapelle-crecy.com\/index.php?rest_route=\/wp\/v2\/posts\/874\/revisions"}],"wp:attachment":[{"href":"http:\/\/www.chapelle-crecy.com\/index.php?rest_route=%2Fwp%2Fv2%2Fmedia&parent=874"}],"wp:term":[{"taxonomy":"category","embeddable":true,"href":"http:\/\/www.chapelle-crecy.com\/index.php?rest_route=%2Fwp%2Fv2%2Fcategories&post=874"},{"taxonomy":"post_tag","embeddable":true,"href":"http:\/\/www.chapelle-crecy.com\/index.php?rest_route=%2Fwp%2Fv2%2Ftags&post=874"}],"curies":[{"name":"wp","href":"https:\/\/api.w.org\/{rel}","templated":true}]}}