{"id":875,"date":"2015-07-02T14:46:00","date_gmt":"2015-07-02T14:46:00","guid":{"rendered":""},"modified":"-0001-11-30T00:00:00","modified_gmt":"-0001-11-29T22:00:00","slug":"","status":"publish","type":"post","link":"http:\/\/www.chapelle-crecy.com\/?p=875","title":{"rendered":"L&rsquo;\u00e9glise abbatiale Notre-Dame-des-Ardents \u00e0\u00a0 Lagny sera ouverte le 4 juillet 2015 de 20h30 \u00e0\u00a0 23h00"},"content":{"rendered":"<div align=\"justify\">\n\u00ab\u00a0La Nuit des \u00e9glises est une invitation \u00e0\u00a0 entrer dans ces monuments qui font partie d&rsquo;une ville ou d&rsquo;un village et qui, en m\u00eame temps, restent souvent \u00e9tranger parce que la porte est close ou parce qu&rsquo;on n&rsquo;ose en franchir le seuil\u00a0\u00bb, souligne Mgr Aubertin, archev\u00eaque de Tours et r\u00e9f\u00e9rent au d\u00e9partement art sacr\u00e9 \u00e0\u00a0 la Conf\u00e9rence des Ev\u00eaques de France, organisateur de l&rsquo;\u00e9v\u00e9nement qui dure depuis 5 ans.<br \/>\nCette ann\u00e9e, dans notre secteur du Nord Seine-et-Marne, l&rsquo;abbatiale de Lagny-sur-Marne, nous ouvre grand ses portes. Voici le programme de la soir\u00e9e:<br \/>\n&#8211; 20h30: Accueil et visite de l&rsquo;abbatiale Th\u00e8me:<br \/>\nLe passage de Jeanne d&rsquo;Arc \u00e0\u00a0 Lagny au XV\u00e8me si\u00e8cle<br \/>\nPour les enfants, parcours-d\u00e9couverte de l&rsquo;abbatiale<br \/>\n&#8211; 21h30: Chant et orgue A. Vivaldi, \u00ab\u00a0Domine Deus\u00a0\u00bb, extrait de Gloria A.Vivaldi, concerto en r\u00e9 mineur (transcrit pour orgue par J.S Bach) A. Vivaldi \u00ab\u00a0Cum Dederit\u00a0\u00bb, extrait de Nisi Dominus Interpretation: V\u00e9ronique Blanc (orgue) et Emmanuelle Maquet (mezzo-soprano)<br \/>\n&#8211; 22h00: Temps de m\u00e9ditation<br \/>\nNB: Le site [Narthex->http:\/\/www.narthex.fr\/nuit-des-eglises] donne le programme complet, avec une carte de France des \u00e9glises participantes. Il propose \u00e9galement des conseils aux paroisses qui voudraient organiser leur Nuit. Bonne visite !<\/p>\n<\/div>\n<p>Petit retour en images sur la nuit des \u00e9glises 2014 \u00e0 Villiers, o\u00f9 l&rsquo;\u00e9glise St R\u00e9mi accueillait une magnifique exposition des objets sacr\u00e9s et des v\u00eatements liturgiques, encore utilis\u00e9s de nos jours et qui a fait le joier de plus d&rsquo;une centaines de visiteurs:<\/p>\n<div align=\"center\"><img decoding=\"async\" src=\"\/IMG\/jpg\/aubes.jpg\" width=350><\/div>\n<div align=\"center\"><img decoding=\"async\" src=\"\/IMG\/jpg\/aubes2.jpg\" width=350><\/div>\n<div align=\"center\"><img decoding=\"async\" src=\"\/IMG\/jpg\/burette.jpg\" width=350><\/div>\n<div align=\"center\"><img decoding=\"async\" src=\"\/IMG\/jpg\/chandeliers.jpg\" width=350><\/div>\n<div align=\"center\"><img decoding=\"async\" src=\"\/IMG\/jpg\/chasuble.jpg\" width=350><\/div>\n<div align=\"center\"><img decoding=\"async\" src=\"\/IMG\/jpg\/chasuble2.jpg\" width=350><\/div>\n<div align=\"center\"><img decoding=\"async\" src=\"\/IMG\/jpg\/chasuble3.jpg\" width=350><\/div>\n<div align=\"center\"><img decoding=\"async\" src=\"\/IMG\/jpg\/crucifix.jpg\" width=350><\/div>\n<div align=\"center\"><img decoding=\"async\" src=\"\/IMG\/jpg\/eau-benite.jpg\" width=350><\/div>\n<div align=\"center\"><img decoding=\"async\" src=\"\/IMG\/jpg\/ensensoir.jpg\" width=250><\/div>\n<div align=\"center\"><img decoding=\"async\" src=\"\/IMG\/jpg\/etoles-2.jpg\" width=350><\/div>\n<div align=\"center\"><img decoding=\"async\" src=\"\/IMG\/jpg\/ostensoir-2.jpg\" width=350><\/p>\n<div align=\"center\"><img decoding=\"async\" src=\"\/IMG\/jpg\/ostensoir2.jpg\" width=350><\/div>\n<div align=\"center\">L&rsquo;ostensoir<\/div>\n<div align=\"center\"><img decoding=\"async\" src=\"\/IMG\/jpg\/pupitre.jpg\" width=350><\/div>\n<\/div>\n<div align=\"center\"><img decoding=\"async\" src=\"\/IMG\/jpg\/stRemi.jpg\" width=350><\/div>\n<div align=\"center\">Reliques de St R\u00e9mi<\/div>\n<div align=\"center\"><img decoding=\"async\" src=\"\/IMG\/jpg\/tableau-monument.jpg\" width=350><\/p>\n<div align=\"center\">Tableau repr\u00e9sentant le Christ et Marie-Madeleine<\/div>\n<\/div>\n","protected":false},"excerpt":{"rendered":"<p>\u00ab\u00a0La Nuit des \u00e9glises est une invitation \u00e0\u00a0 entrer dans ces monuments qui font partie d&rsquo;une ville ou d&rsquo;un village et qui, en m\u00eame temps, restent souvent \u00e9tranger parce que la porte est close&#46;&#46;&#46;<\/p>\n","protected":false},"author":2,"featured_media":0,"comment_status":"open","ping_status":"open","sticky":false,"template":"","format":"standard","meta":{"footnotes":""},"categories":[],"tags":[],"class_list":["post-875","post","type-post","status-publish","format-standard","hentry"],"_links":{"self":[{"href":"http:\/\/www.chapelle-crecy.com\/index.php?rest_route=\/wp\/v2\/posts\/875","targetHints":{"allow":["GET"]}}],"collection":[{"href":"http:\/\/www.chapelle-crecy.com\/index.php?rest_route=\/wp\/v2\/posts"}],"about":[{"href":"http:\/\/www.chapelle-crecy.com\/index.php?rest_route=\/wp\/v2\/types\/post"}],"author":[{"embeddable":true,"href":"http:\/\/www.chapelle-crecy.com\/index.php?rest_route=\/wp\/v2\/users\/2"}],"replies":[{"embeddable":true,"href":"http:\/\/www.chapelle-crecy.com\/index.php?rest_route=%2Fwp%2Fv2%2Fcomments&post=875"}],"version-history":[{"count":0,"href":"http:\/\/www.chapelle-crecy.com\/index.php?rest_route=\/wp\/v2\/posts\/875\/revisions"}],"wp:attachment":[{"href":"http:\/\/www.chapelle-crecy.com\/index.php?rest_route=%2Fwp%2Fv2%2Fmedia&parent=875"}],"wp:term":[{"taxonomy":"category","embeddable":true,"href":"http:\/\/www.chapelle-crecy.com\/index.php?rest_route=%2Fwp%2Fv2%2Fcategories&post=875"},{"taxonomy":"post_tag","embeddable":true,"href":"http:\/\/www.chapelle-crecy.com\/index.php?rest_route=%2Fwp%2Fv2%2Ftags&post=875"}],"curies":[{"name":"wp","href":"https:\/\/api.w.org\/{rel}","templated":true}]}}