{"id":883,"date":"2015-08-08T21:50:11","date_gmt":"2015-08-08T21:50:11","guid":{"rendered":""},"modified":"-0001-11-30T00:00:00","modified_gmt":"-0001-11-29T22:00:00","slug":"","status":"publish","type":"post","link":"http:\/\/www.chapelle-crecy.com\/?p=883","title":{"rendered":"Annonces de la semaine du 10 au 16 aout 2015"},"content":{"rendered":"<table bgcolor =\"F0FAFF\" border=0>\n<tbody>\n<tr>\n<td>\n<div align=\"justify\">\n<div \"834\">Voici les annonces de la semaine du lundi 10 au dimanche 16 aout 2015 pour la paroisse des 3 clochers Cr\u00e9cy-la-Chapelle, Villiers-sur-Morin, Voulangis. <\/p>\n<p>Samedi 15 aout \u00e0\u00a0 10 h 30, messe de l&rsquo;assomption \u00e0\u00a0 la coll\u00e9giale.<br \/>Dimanche 16 aout \u00e0\u00a0 10 h 30, messe \u00e0\u00a0 Cr\u00e9cy.<\/div>\n<p>\nConsulter aussi les [messes du P\u00f4le en aout->http:\/\/www.chapelle-crecy.com\/spip.php?article831],<\/p>\n<div \"834\">Tous les d\u00e9tails dans la suite &#8230;<\/div>\n<p> \n<\/div>\n<\/td>\n<\/tr>\n<\/tbody>\n<\/table>\n<table bgcolor =\"F0F6FF\" border=0>\n<tbody>\n<tr>\n<td width=\"25%\"><font color=\"0E0C40\">Lundi 10 aout<\/font><\/td>\n<p><\/font><\/td>\n<td><font color=\"0E0C40\">17 h &#8211; messe \u00e0 la Maison de Retraite.<\/font><\/td>\n<td><font color=\"0E0C40\"><\/p>\n<div align=\"center\"><img decoding=\"async\" src=\"\/IMG\/jpg\/MR_Crecy_2.jpg\" width=150><\/div>\n<\/tr>\n<tr>\n<td width=\"25%\"><font color=\"00CC00\">Mardi 11 aout<br \/><i>Ste Claire<\/font><\/td>\n<td><font color=\"00CC00\"><\/p>\n<div align=\"center\"><img decoding=\"async\" src=\"\/IMG\/personnes\/claire.jpg\"  width=150><\/div>\n<p><\/font><\/td>\n<td><font color=\"00CC00\">9 h &#8211; Messe \u00e0 Cr\u00e9cy.<\/font><\/td>\n<\/tr>\n<tr>\n<td width=\"25%\"><font color=\"0020FF\">Mercredi 12 aout<br \/><i>Ste Jeanne de Chantal<\/i><\/font><\/td>\n<td><font color=\"0020FF\">10 h 30 : obs\u00e8ques \u00e0 Cr\u00e9cy de Janine DEELAVENA.<\/p>\n<p>18 h &#8211; Messe \u00e0 Cr\u00e9cy.<\/font><\/td>\n<td><font color=\"0020FF\"><\/p>\n<div align=\"center\"><img decoding=\"async\" src=\"\/IMG\/personnes\/jeanne_de_chantal.jpg\"  width=150><\/div>\n<p><\/font><\/td>\n<\/tr>\n<tr>\n<td width=\"25%\"><font color=\"0E0C40\">Jeudi 13 aout<\/font><\/td>\n<td><font color=\"0E0C40\"><\/p>\n<div align=\"center\"><img decoding=\"async\" src=\"\/IMG\/lieux\/lourdes02.jpg\"  width=150><\/div>\n<p><\/font><\/td>\n<td><font color=\"0E0C40\">9 h  Messe \u00e0 Cr\u00e9cy.<font><\/td>\n<\/tr>\n<tr>\n<td width=\"25%\"><font color=\"00CC00\">Vendredi 14 aout<br \/><i><br \/>\nSt Maximilien Kolbe<\/i><\/font><\/td>\n<td><font color=\"00CC00\">9 h &#8211; Messe \u00e0 Cr\u00e9cy.<\/font><\/td>\n<td><font color=\"00CC00\"><\/p>\n<div align=\"center\"><img decoding=\"async\" src=\"\/IMG\/personnes\/maximilien_kolbe.jpg\"  width=150><\/div>\n<p><\/font><\/td>\n<\/tr>\n<tr>\n<td width=\"25%\"><font color=\"0020FF\">Samedi 15 aout<\/font><\/td>\n<td><font color=\"0020FF\"><\/p>\n<div align=\"center\"><img decoding=\"async\" src=\"\/IMG\/lieux\/collegiale3.jpg\"  width=150><\/div>\n<p><\/font><\/td>\n<td><font color=\"0020FF\">10 h 30 &#8211; Messe ce l&rsquo;Assomption \u00e0 la Coll\u00e9giale.<br \/> Nour prierons pour la famille DEBIEF.<\/font><\/td>\n<\/tr>\n<tr>\n<td><font color=\"0E0C40\">Dimanche 16 aout<\/font><\/td>\n<td><font color=\"0E0C40\">10 h 30 &#8211; Messe \u00e0 Cr\u00e9cy pour la famille THION-MUNIER et Maurice REVEL.<br \/>\n<\/font><\/td>\n<td><font color=\"0E0C40\"><\/p>\n<div align=\"center\"><img decoding=\"async\" src=\"\/IMG\/lieux\/stgeorges15.jpg\"  width=150><\/div>\n<p><\/font><\/td>\n<\/tr>\n<\/tbody>\n<\/table>\n","protected":false},"excerpt":{"rendered":"<p>Voici les annonces de la semaine du lundi 10 au dimanche 16 aout 2015 pour la paroisse des 3 clochers Cr\u00e9cy-la-Chapelle, Villiers-sur-Morin, Voulangis. Samedi 15 aout \u00e0\u00a0 10 h 30, messe de l&rsquo;assomption \u00e0\u00a0&#46;&#46;&#46;<\/p>\n","protected":false},"author":2,"featured_media":0,"comment_status":"open","ping_status":"open","sticky":false,"template":"","format":"standard","meta":{"footnotes":""},"categories":[],"tags":[],"class_list":["post-883","post","type-post","status-publish","format-standard","hentry"],"_links":{"self":[{"href":"http:\/\/www.chapelle-crecy.com\/index.php?rest_route=\/wp\/v2\/posts\/883","targetHints":{"allow":["GET"]}}],"collection":[{"href":"http:\/\/www.chapelle-crecy.com\/index.php?rest_route=\/wp\/v2\/posts"}],"about":[{"href":"http:\/\/www.chapelle-crecy.com\/index.php?rest_route=\/wp\/v2\/types\/post"}],"author":[{"embeddable":true,"href":"http:\/\/www.chapelle-crecy.com\/index.php?rest_route=\/wp\/v2\/users\/2"}],"replies":[{"embeddable":true,"href":"http:\/\/www.chapelle-crecy.com\/index.php?rest_route=%2Fwp%2Fv2%2Fcomments&post=883"}],"version-history":[{"count":0,"href":"http:\/\/www.chapelle-crecy.com\/index.php?rest_route=\/wp\/v2\/posts\/883\/revisions"}],"wp:attachment":[{"href":"http:\/\/www.chapelle-crecy.com\/index.php?rest_route=%2Fwp%2Fv2%2Fmedia&parent=883"}],"wp:term":[{"taxonomy":"category","embeddable":true,"href":"http:\/\/www.chapelle-crecy.com\/index.php?rest_route=%2Fwp%2Fv2%2Fcategories&post=883"},{"taxonomy":"post_tag","embeddable":true,"href":"http:\/\/www.chapelle-crecy.com\/index.php?rest_route=%2Fwp%2Fv2%2Ftags&post=883"}],"curies":[{"name":"wp","href":"https:\/\/api.w.org\/{rel}","templated":true}]}}