{"id":887,"date":"2015-08-26T17:08:00","date_gmt":"2015-08-26T17:08:00","guid":{"rendered":""},"modified":"-0001-11-30T00:00:00","modified_gmt":"-0001-11-29T22:00:00","slug":"","status":"publish","type":"post","link":"http:\/\/www.chapelle-crecy.com\/?p=887","title":{"rendered":"Marc Calonne s&rsquo;est \u00e9teint dans la nuit du 25 au 26 ao\u00e0\u00bbt 2015"},"content":{"rendered":"<div align=\"center\">\n<table bgcolor =\"#A9A9A9\" border=0>\n<tbody>\n<tr>\n<td>\n<div align=\"justify\"><FONT color=\"#000000\"><br \/>\nMarc Calonne s&rsquo;est endormi pour l&rsquo;\u00e9ternit\u00e9. Hospitalis\u00e9 \u00e0\u00a0 Berck depuis sa lourde chute en VTT en novembre 2014 dans le Pas-de-Calais, il devait revenir sur Paris en soins palliatifs, la 1\u00e8re quinzaine de septembre. Son \u00e9tat s&rsquo;\u00e9tait fortement d\u00e9grad\u00e9. Ces derniers temps, de nombreux paroissiens et amis cr\u00e9\u00e7ois \u00e9taient venus lui rendre visite. Il pr\u00e9sentait un gros probl\u00e8me d&rsquo;oxyg\u00e9nation. Son alimentation avait diminu\u00e9 et sa dose de morphine avait \u00e9t\u00e9 augment\u00e9e tellement sa souffrance \u00e9tait grande.<br \/>\nLes obs\u00e8ques de Marc auront lieu le lundi 31 ao\u00fbt \u00e0\u00a0 15h en l&rsquo;\u00e9glise St R\u00e9mi de Villiers.<br \/>\nSi vous souhaitez adresser une derni\u00e8re marque de sympathie \u00e0\u00a0 Marc, sachez qu&rsquo;il faisait partie de l&rsquo;association APF (Association des Paralys\u00e9s de France). Des dons libres d\u00e9ductibles des imp ts sont tout-\u00e0\u00a0-fait possible.<br \/>\nIl avait \u00e9galement int\u00e9gr\u00e9 depuis quelques ann\u00e9es l'[Hospitalit\u00e9 Dioc\u00e9saine de Meaux->http:\/\/www.hospitalitedemeaux.fr\/] (cf photo ci-jointe).<br \/>\nSoyons en union de pri\u00e8re avec lui et sa famille, \u00e0\u00a0 qui la paroisse adresse toute son affection en ce moment douloureux.<\/div>\n<p><\/FONT>\n<\/td>\n<\/tr>\n<\/tbody>\n<\/table>\n<p><\/body><\/div>\n","protected":false},"excerpt":{"rendered":"<p>Marc Calonne s&rsquo;est endormi pour l&rsquo;\u00e9ternit\u00e9. Hospitalis\u00e9 \u00e0\u00a0 Berck depuis sa lourde chute en VTT en novembre 2014 dans le Pas-de-Calais, il devait revenir sur Paris en soins palliatifs, la 1\u00e8re quinzaine de septembre.&#46;&#46;&#46;<\/p>\n","protected":false},"author":2,"featured_media":0,"comment_status":"open","ping_status":"open","sticky":false,"template":"","format":"standard","meta":{"footnotes":""},"categories":[],"tags":[],"class_list":["post-887","post","type-post","status-publish","format-standard","hentry"],"_links":{"self":[{"href":"http:\/\/www.chapelle-crecy.com\/index.php?rest_route=\/wp\/v2\/posts\/887","targetHints":{"allow":["GET"]}}],"collection":[{"href":"http:\/\/www.chapelle-crecy.com\/index.php?rest_route=\/wp\/v2\/posts"}],"about":[{"href":"http:\/\/www.chapelle-crecy.com\/index.php?rest_route=\/wp\/v2\/types\/post"}],"author":[{"embeddable":true,"href":"http:\/\/www.chapelle-crecy.com\/index.php?rest_route=\/wp\/v2\/users\/2"}],"replies":[{"embeddable":true,"href":"http:\/\/www.chapelle-crecy.com\/index.php?rest_route=%2Fwp%2Fv2%2Fcomments&post=887"}],"version-history":[{"count":0,"href":"http:\/\/www.chapelle-crecy.com\/index.php?rest_route=\/wp\/v2\/posts\/887\/revisions"}],"wp:attachment":[{"href":"http:\/\/www.chapelle-crecy.com\/index.php?rest_route=%2Fwp%2Fv2%2Fmedia&parent=887"}],"wp:term":[{"taxonomy":"category","embeddable":true,"href":"http:\/\/www.chapelle-crecy.com\/index.php?rest_route=%2Fwp%2Fv2%2Fcategories&post=887"},{"taxonomy":"post_tag","embeddable":true,"href":"http:\/\/www.chapelle-crecy.com\/index.php?rest_route=%2Fwp%2Fv2%2Ftags&post=887"}],"curies":[{"name":"wp","href":"https:\/\/api.w.org\/{rel}","templated":true}]}}