{"id":890,"date":"2015-08-31T08:51:00","date_gmt":"2015-08-31T08:51:00","guid":{"rendered":""},"modified":"-0001-11-30T00:00:00","modified_gmt":"-0001-11-29T22:00:00","slug":"","status":"publish","type":"post","link":"http:\/\/www.chapelle-crecy.com\/?p=890","title":{"rendered":"Calendrier 2015-2016"},"content":{"rendered":"<p>&#8211; Inscriptions  1\u00e8re et 4\u00e8me ann\u00e9e : mercredi 16 septembre \u00e0\u00a0 20h30   (CE2 et 6\u00e8me )<br \/>\n&#8211; Inscriptions  2\u00e8me et 3\u00e8me ann\u00e9e : jeudi 17 septembre \u00e0\u00a0 20h30  (CM1 et CM2)<br \/>\n&#8211; Dimanche 13 d\u00e9cembre 2015 : rencontre 6\u00e8me \u00e0\u00a0 Meaux<br \/>\n&#8211; Vendredi 6 et samedi 7 mai 2016 : retraite de profession de foi (Pont de l&rsquo;Ascension)<br \/>\n&#8211; Samedi 14 mai : Veill\u00e9e de profession de foi<br \/>\n&#8211; Dimanche 15 mai : Profession de foi (Pentec te)<br \/>\n&#8211; Samedi 21 mai : Lisieux pour les 6\u00e8me<br \/>\n&#8211; Samedi 28 mai : Retraite de 1\u00e8re communion<br \/>\n&#8211; Dimanche 29 mai : 1\u00e8re communion<br \/>\n&#8211; Dimanche 5 juin : Bapt\u00eame et 1\u00e8re communion (pour 4 enfants)<\/p>\n<p>Dates propos\u00e9es pour les dimanches avec participation active des enfants :<br \/>\n Dimanches 11 octobre, 6 d\u00e9cembre, 14 f\u00e9vrier, 10 avril, 19 juin<\/p>\n","protected":false},"excerpt":{"rendered":"<p>&#8211; Inscriptions 1\u00e8re et 4\u00e8me ann\u00e9e : mercredi 16 septembre \u00e0\u00a0 20h30 (CE2 et 6\u00e8me ) &#8211; Inscriptions 2\u00e8me et 3\u00e8me ann\u00e9e : jeudi 17 septembre \u00e0\u00a0 20h30 (CM1 et CM2) &#8211; Dimanche 13&#46;&#46;&#46;<\/p>\n","protected":false},"author":2,"featured_media":0,"comment_status":"open","ping_status":"open","sticky":false,"template":"","format":"standard","meta":{"footnotes":""},"categories":[],"tags":[],"class_list":["post-890","post","type-post","status-publish","format-standard","hentry"],"_links":{"self":[{"href":"http:\/\/www.chapelle-crecy.com\/index.php?rest_route=\/wp\/v2\/posts\/890","targetHints":{"allow":["GET"]}}],"collection":[{"href":"http:\/\/www.chapelle-crecy.com\/index.php?rest_route=\/wp\/v2\/posts"}],"about":[{"href":"http:\/\/www.chapelle-crecy.com\/index.php?rest_route=\/wp\/v2\/types\/post"}],"author":[{"embeddable":true,"href":"http:\/\/www.chapelle-crecy.com\/index.php?rest_route=\/wp\/v2\/users\/2"}],"replies":[{"embeddable":true,"href":"http:\/\/www.chapelle-crecy.com\/index.php?rest_route=%2Fwp%2Fv2%2Fcomments&post=890"}],"version-history":[{"count":0,"href":"http:\/\/www.chapelle-crecy.com\/index.php?rest_route=\/wp\/v2\/posts\/890\/revisions"}],"wp:attachment":[{"href":"http:\/\/www.chapelle-crecy.com\/index.php?rest_route=%2Fwp%2Fv2%2Fmedia&parent=890"}],"wp:term":[{"taxonomy":"category","embeddable":true,"href":"http:\/\/www.chapelle-crecy.com\/index.php?rest_route=%2Fwp%2Fv2%2Fcategories&post=890"},{"taxonomy":"post_tag","embeddable":true,"href":"http:\/\/www.chapelle-crecy.com\/index.php?rest_route=%2Fwp%2Fv2%2Ftags&post=890"}],"curies":[{"name":"wp","href":"https:\/\/api.w.org\/{rel}","templated":true}]}}