{"id":891,"date":"2015-09-12T12:00:17","date_gmt":"2015-09-12T12:00:17","guid":{"rendered":""},"modified":"-0001-11-30T00:00:00","modified_gmt":"-0001-11-29T22:00:00","slug":"","status":"publish","type":"post","link":"http:\/\/www.chapelle-crecy.com\/?p=891","title":{"rendered":"Ce 12 septembre \u00e0\u00a0 20h30  les Gospel&rsquo;s French Voices vont faire vibrer la Coll\u00e9giale"},"content":{"rendered":"<div align=\"justify\">Sur sc\u00e8ne, une quarantaine de choristes, accompagn\u00e9s au piano, \u00e0\u00a0 la basse et \u00e0\u00a0 la batterie, vous offriront un bel aper\u00e7u de leur r\u00e9pertoire Gospel traditionnel et contemporain, \u00e0\u00a0 l&rsquo;occasion d&rsquo;un spectacle haut en couleur. Des chants de recueil, emplis d&rsquo;\u00e9motion, aux chants de joie, rythm\u00e9s et communicatifs, le choeur vous s\u00e9duira par sa g\u00e9n\u00e9rosit\u00e9, son enthousiasme et son \u00e9nergie color\u00e9e d&rsquo;espoir et d&rsquo;optimisme.<\/div>\n","protected":false},"excerpt":{"rendered":"<p>Sur sc\u00e8ne, une quarantaine de choristes, accompagn\u00e9s au piano, \u00e0\u00a0 la basse et \u00e0\u00a0 la batterie, vous offriront un bel aper\u00e7u de leur r\u00e9pertoire Gospel traditionnel et contemporain, \u00e0\u00a0 l&rsquo;occasion d&rsquo;un spectacle haut en&#46;&#46;&#46;<\/p>\n","protected":false},"author":2,"featured_media":0,"comment_status":"open","ping_status":"open","sticky":false,"template":"","format":"standard","meta":{"footnotes":""},"categories":[],"tags":[],"class_list":["post-891","post","type-post","status-publish","format-standard","hentry"],"_links":{"self":[{"href":"http:\/\/www.chapelle-crecy.com\/index.php?rest_route=\/wp\/v2\/posts\/891","targetHints":{"allow":["GET"]}}],"collection":[{"href":"http:\/\/www.chapelle-crecy.com\/index.php?rest_route=\/wp\/v2\/posts"}],"about":[{"href":"http:\/\/www.chapelle-crecy.com\/index.php?rest_route=\/wp\/v2\/types\/post"}],"author":[{"embeddable":true,"href":"http:\/\/www.chapelle-crecy.com\/index.php?rest_route=\/wp\/v2\/users\/2"}],"replies":[{"embeddable":true,"href":"http:\/\/www.chapelle-crecy.com\/index.php?rest_route=%2Fwp%2Fv2%2Fcomments&post=891"}],"version-history":[{"count":0,"href":"http:\/\/www.chapelle-crecy.com\/index.php?rest_route=\/wp\/v2\/posts\/891\/revisions"}],"wp:attachment":[{"href":"http:\/\/www.chapelle-crecy.com\/index.php?rest_route=%2Fwp%2Fv2%2Fmedia&parent=891"}],"wp:term":[{"taxonomy":"category","embeddable":true,"href":"http:\/\/www.chapelle-crecy.com\/index.php?rest_route=%2Fwp%2Fv2%2Fcategories&post=891"},{"taxonomy":"post_tag","embeddable":true,"href":"http:\/\/www.chapelle-crecy.com\/index.php?rest_route=%2Fwp%2Fv2%2Ftags&post=891"}],"curies":[{"name":"wp","href":"https:\/\/api.w.org\/{rel}","templated":true}]}}