{"id":893,"date":"2015-09-14T19:06:57","date_gmt":"2015-09-14T19:06:57","guid":{"rendered":""},"modified":"-0001-11-30T00:00:00","modified_gmt":"-0001-11-29T22:00:00","slug":"","status":"publish","type":"post","link":"http:\/\/www.chapelle-crecy.com\/?p=893","title":{"rendered":"Concert exceptionnel \u00e0\u00a0 la cath\u00e9drale Saint-Etienne de Meaux"},"content":{"rendered":"<div align=\"justify\">C&rsquo;est avec un immense bonheur que nous accueillerons, <span style=\"color:red;\">Olivier LATRY, titulaire des grandes orgues de Notre Dame de Paris<\/span>,<br \/>\nle samedi 26 septembre \u00e0\u00a0 20h30.<br \/>\nOlivier LATRY est consid\u00e9r\u00e9 comme l&rsquo;un des organistes les plus marquants de sa g\u00e9n\u00e9ration, non seulement en France, mais \u00e9galement sur la sc\u00e8ne internationale.<br \/>\nRetrouvez sur le site de [Notre Dame de Paris->http:\/\/www.notredamedeparis.fr\/Olivier-LATRY], le parcours de cet organiste talentueux et toute sa discographie.<br \/>\nLe P\u00e8re Philippe Legrand, recteur de la cath\u00e9drale de Meaux vous attend nombreux \u00e0\u00a0 venir \u00e9couter  cet ambassadeur de la musique fran\u00e7aise des XVII\u00e8me au XX\u00e8me si\u00e8cles dont voici quelques extraits de son concert de No\u00f6l 2014 \u00e0\u00a0 la cath\u00e9drale Notre-Dame de Paris:<br \/>\n<iframe loading=\"lazy\" width=\"560\" height=\"315\" src=\"https:\/\/www.youtube.com\/embed\/jKUn7n-b2Q8\" frameborder=\"0\" allowfullscreen><\/iframe>\n<\/div>\n","protected":false},"excerpt":{"rendered":"<p>C&rsquo;est avec un immense bonheur que nous accueillerons, Olivier LATRY, titulaire des grandes orgues de Notre Dame de Paris, le samedi 26 septembre \u00e0\u00a0 20h30. Olivier LATRY est consid\u00e9r\u00e9 comme l&rsquo;un des organistes les&#46;&#46;&#46;<\/p>\n","protected":false},"author":2,"featured_media":0,"comment_status":"open","ping_status":"open","sticky":false,"template":"","format":"standard","meta":{"footnotes":""},"categories":[],"tags":[],"class_list":["post-893","post","type-post","status-publish","format-standard","hentry"],"_links":{"self":[{"href":"http:\/\/www.chapelle-crecy.com\/index.php?rest_route=\/wp\/v2\/posts\/893","targetHints":{"allow":["GET"]}}],"collection":[{"href":"http:\/\/www.chapelle-crecy.com\/index.php?rest_route=\/wp\/v2\/posts"}],"about":[{"href":"http:\/\/www.chapelle-crecy.com\/index.php?rest_route=\/wp\/v2\/types\/post"}],"author":[{"embeddable":true,"href":"http:\/\/www.chapelle-crecy.com\/index.php?rest_route=\/wp\/v2\/users\/2"}],"replies":[{"embeddable":true,"href":"http:\/\/www.chapelle-crecy.com\/index.php?rest_route=%2Fwp%2Fv2%2Fcomments&post=893"}],"version-history":[{"count":0,"href":"http:\/\/www.chapelle-crecy.com\/index.php?rest_route=\/wp\/v2\/posts\/893\/revisions"}],"wp:attachment":[{"href":"http:\/\/www.chapelle-crecy.com\/index.php?rest_route=%2Fwp%2Fv2%2Fmedia&parent=893"}],"wp:term":[{"taxonomy":"category","embeddable":true,"href":"http:\/\/www.chapelle-crecy.com\/index.php?rest_route=%2Fwp%2Fv2%2Fcategories&post=893"},{"taxonomy":"post_tag","embeddable":true,"href":"http:\/\/www.chapelle-crecy.com\/index.php?rest_route=%2Fwp%2Fv2%2Ftags&post=893"}],"curies":[{"name":"wp","href":"https:\/\/api.w.org\/{rel}","templated":true}]}}