{"id":894,"date":"2015-09-16T08:14:39","date_gmt":"2015-09-16T08:14:39","guid":{"rendered":""},"modified":"-0001-11-30T00:00:00","modified_gmt":"-0001-11-29T22:00:00","slug":"","status":"publish","type":"post","link":"http:\/\/www.chapelle-crecy.com\/?p=894","title":{"rendered":"Les journ\u00e9es du patrimoine 2015 \u00e0\u00a0 Voulangis et \u00e0\u00a0 Cr\u00e9cy"},"content":{"rendered":"<div align=\"justify\">Les paroissiens et les municipalit\u00e9s de Voulangis et Cr\u00e9cy sont depuis de nombreuses ann\u00e9es sensibles et pr\u00e9occup\u00e9es par leur patrimoine local. L&rsquo;\u00e9glise St Pierre de Voulangis, tout comme la Coll\u00e9giale de Notre-Dame de l&rsquo;Assomption, gr ce \u00e0\u00a0 des souscriptions et \u00e0\u00a0 la volont\u00e9 de nos \u00e9lus ont \u00e9t\u00e9 entretenues et restaur\u00e9es de fa\u00e7on remarquable.<br \/>\nSi vous souhaitez en savoir plus ou tout simplement admirer la beaut\u00e9 de ces lieux chers aux habitants de nos villages, voici les horaires d&rsquo;ouvertures des 2 \u00e9glises et un aper\u00e7u des expositions que vous y trouverez:<br \/>\nEglise St Pierre de Voulangis:<br \/>\n&#8211; le samedi de 10h \u00e0\u00a0 12h et de 14h \u00e0\u00a0 18h<br \/>\n&#8211; le dimanche de 14h \u00e0\u00a0 17h<br \/>\nVisite de l&rsquo;\u00e9glise et exposition de journaux de l&rsquo;Echo de la Vall\u00e9e.<br \/>\nColl\u00e9giale N.D de l&rsquo;Assomption:<br \/>\n&#8211; de 9h \u00e0\u00a0 18h, le samedi (inauguration \u00e0\u00a0 16h en pr\u00e9sence des personnalit\u00e9s).<br \/>\n&#8211; de 9h \u00e0\u00a0 18h, le dimanche (messe \u00e0\u00a0 10h30 au coeur des exposants d&rsquo;art).<br \/>\nExposition d&rsquo;Art: treize participants , les Premiers Ouvriers de France 77, les Compagnons du Tour de France de St Thibault des Vignes et le Lyc\u00e9e du Gu\u00e9-\u00e0\u00a0-Tresmes vous recevront sur leurs stands.<\/p>\n<p>En avant-premi\u00e8re, vous pouvez visionner les pr\u00e9sentations de l&rsquo;\u00e9glise St Pierre:<br \/>\n<iframe loading=\"lazy\" width=\"560\" height=\"315\" src=\"https:\/\/www.youtube.com\/embed\/EvocS-l2okk\" frameborder=\"0\" allowfullscreen><\/iframe><\/p>\n<p>et celle de la Coll\u00e9giale Notre-Dame de l&rsquo;Assomption:<br \/>\n<iframe loading=\"lazy\" width=\"560\" height=\"315\" src=\"https:\/\/www.youtube.com\/embed\/fF8WF9zWokE\" frameborder=\"0\" allowfullscreen><\/iframe><\/p>\n<p>admirablement r\u00e9alis\u00e9es par Jacques Piedeloup. Bonne visite.<br \/>\n(Vous trouverez de nombreux d\u00e9tails sur ces 2 \u00e9v\u00e8nements sur les sites amis des [brionautes->http:\/\/www.brionautes.com] et celui de la [mairie de Voulangis->http:\/\/www.voulangis.fr\/])\n<\/p><\/div>\n<div align=\"justify\">Veuillez trouver l&rsquo;annonce ci-dessous de l&rsquo;\u00e9v\u00e8nement des journ\u00e9es du Patrimoine \u00e0 Cr\u00e9cy-la-Chapelle, ainsi qu&rsquo;en pi\u00e8ce jointe, la liste des exposants convi\u00e9s par l&rsquo;association des Ateliers d&rsquo;Art du Grand Morin.<br \/>\n A vous tous, chers visiteurs, par cette belle exposition, nous vous invitons \u00e0 venir honorer tous les artisans, b\u00e2tisseurs des temps anciens qui, par leurs mains, leur sueur et leur g\u00e9nie ont \u00e9difi\u00e9 puis orn\u00e9 et sculpt\u00e9 cette magnifique Coll\u00e9giale, \u00e0 la gloire de Dieu.<br \/>\n Les artisans contemporains qui exposent en ces journ\u00e9es des m\u00e9tiers d&rsquo;Art ne font que t\u00e9moigner de ce don extraordinaire et inn\u00e9 de cr\u00e9ation de l&rsquo;Homme, \u00e0 travers la beaut\u00e9 des oeuvres pr\u00e9sent\u00e9es. Merci \u00e0 Marc Robert qui a assur\u00e9 la coordination et l&rsquo;organisation de cet \u00e9v\u00e8nement majeur dans la Vall\u00e9e du Grand Morin.<\/p>\n<div align=\"center\"><img decoding=\"async\" src=\"\/IMG\/jpg\/AA1.jpg\" width=450><\/div>\n<\/p><\/div>\n","protected":false},"excerpt":{"rendered":"<p>Les paroissiens et les municipalit\u00e9s de Voulangis et Cr\u00e9cy sont depuis de nombreuses ann\u00e9es sensibles et pr\u00e9occup\u00e9es par leur patrimoine local. L&rsquo;\u00e9glise St Pierre de Voulangis, tout comme la Coll\u00e9giale de Notre-Dame de l&rsquo;Assomption,&#46;&#46;&#46;<\/p>\n","protected":false},"author":2,"featured_media":0,"comment_status":"open","ping_status":"open","sticky":false,"template":"","format":"standard","meta":{"footnotes":""},"categories":[],"tags":[],"class_list":["post-894","post","type-post","status-publish","format-standard","hentry"],"_links":{"self":[{"href":"http:\/\/www.chapelle-crecy.com\/index.php?rest_route=\/wp\/v2\/posts\/894","targetHints":{"allow":["GET"]}}],"collection":[{"href":"http:\/\/www.chapelle-crecy.com\/index.php?rest_route=\/wp\/v2\/posts"}],"about":[{"href":"http:\/\/www.chapelle-crecy.com\/index.php?rest_route=\/wp\/v2\/types\/post"}],"author":[{"embeddable":true,"href":"http:\/\/www.chapelle-crecy.com\/index.php?rest_route=\/wp\/v2\/users\/2"}],"replies":[{"embeddable":true,"href":"http:\/\/www.chapelle-crecy.com\/index.php?rest_route=%2Fwp%2Fv2%2Fcomments&post=894"}],"version-history":[{"count":0,"href":"http:\/\/www.chapelle-crecy.com\/index.php?rest_route=\/wp\/v2\/posts\/894\/revisions"}],"wp:attachment":[{"href":"http:\/\/www.chapelle-crecy.com\/index.php?rest_route=%2Fwp%2Fv2%2Fmedia&parent=894"}],"wp:term":[{"taxonomy":"category","embeddable":true,"href":"http:\/\/www.chapelle-crecy.com\/index.php?rest_route=%2Fwp%2Fv2%2Fcategories&post=894"},{"taxonomy":"post_tag","embeddable":true,"href":"http:\/\/www.chapelle-crecy.com\/index.php?rest_route=%2Fwp%2Fv2%2Ftags&post=894"}],"curies":[{"name":"wp","href":"https:\/\/api.w.org\/{rel}","templated":true}]}}