{"id":895,"date":"2015-09-20T22:40:24","date_gmt":"2015-09-20T22:40:24","guid":{"rendered":""},"modified":"-0001-11-30T00:00:00","modified_gmt":"-0001-11-29T22:00:00","slug":"","status":"publish","type":"post","link":"http:\/\/www.chapelle-crecy.com\/?p=895","title":{"rendered":"Annonces de la semaine du 21 au 27 septembre 2015"},"content":{"rendered":"<div align=\"justify\">Voici les annonces de la semaine du lundi 21 au dimanche 27 septembre 2015 pour la paroisse des 3 clochers Cr\u00e9cy-la-Chapelle, Villiers-sur-Morin, Voulangis. <\/p>\n<p>Samedi 26 \u00e0\u00a0 18 h 30, messe \u00e0\u00a0 Voulangis,<br \/>\nDimanche 27 \u00e0\u00a0 10 h 30, messe \u00e0\u00a0 Cr\u00e9cy.<\/p>\n<p>Tous les d\u00e9tails dans la suite &#8230;\n<\/p><\/div>\n<table bgcolor =\"F0F6FF\" border=0>\n<tbody>\n<tr>\n<td ><font color=\"0E0C40\"><\/p>\n<div align=\"center\"><b>Lundi 21 septembre<\/b><br \/>\n17 h &#8211; C\u00e9l\u00e9bration \u00e0 la Maison de Retraite.<\/p>\n<p><b>Mardi 22 septembre<\/b><br \/>\n18 h &#8211; Messe \u00e0 Cr\u00e9cy pour Georges PICARD, Maurice CAUGNE et Louis LEDAIN.<\/div>\n<p><\/font><\/td>\n<td><font color=\"00CC00\"><\/p>\n<div align=\"center\"><img decoding=\"async\" src=\"\/IMG\/lieux\/voulangis_eglise7.jpg\"  width=350><\/div>\n<p><\/font><\/td>\n<\/tr>\n<\/tr>\n<tr>\n<td><font color=\"0E0C40\"><\/p>\n<div align=\"center\"><img decoding=\"async\" src=\"\/IMG\/lieux\/voulangis_eglise9.jpg\"  width=200><\/div>\n<p><\/font><\/td>\n<td ><font color=\"0020FF\"><\/p>\n<div align=\"center\"><b>Mercredi 23 septembre<\/b><br \/>\n9h &#8211; Messe \u00e0 Cr\u00e9cy pour Claudie SIMON, Jeanne BOURCIER et Jean MARTINAND.<\/p>\n<p><b>Jeudi 24 septembre<\/b><br \/>\n<br \/>18h &#8211; Messe \u00e0 Cr\u00e9cy pour Liliane THIOUX, Edith RIGOLLET et Marianne BENVENUTI.<\/div>\n<p><font><\/td>\n<\/tr>\n<\/tr>\n<\/tbody>\n<\/table>\n<table bgcolor =\"FFF0F6\" border=0>\n<tbody>\n<tr>\n<td><font color=\"00CC00\"><\/p>\n<div align=\"center\"><b>Vendredi 25 septembre<\/b><br \/>\n9h &#8211; Messe \u00e0 Cr\u00e9cy pour Raymonde LEROUX et la famille THION-MUNIER.<\/div>\n<p><\/font><\/td>\n<td><font color=\"00CC00\"><\/p>\n<div align=\"center\">\n<div align=\"center\"><img decoding=\"async\" src=\"\/IMG\/lieux\/collegiale5.jpg\"  width=350><\/div>\n<p><\/font><\/td>\n<\/tr>\n<tr>\n<td><font color=\"0020FF\"><\/p>\n<div align=\"center\"><img decoding=\"async\" src=\"\/IMG\/lieux\/voulangis_eglise4.jpg\"  width=200><\/div>\n<p><\/font><\/td>\n<td><font color=\"0020FF\"><\/p>\n<div align=\"center\"><b>Samedi 26 septembre<\/b><br \/>\n18 h 30 &#8211;  Messe \u00e0 Voulangis pour Jean ROSIER, Lucette BRASILLIER et Val\u00e9rie SCHULER.<\/p>\n<p><b>Dimanche 27 septembre<\/b><br \/>\n10 h 30 &#8211; Messe \u00e0 Cr\u00e9cy pour Gaby BEAUMONT et Fran\u00e7oise JOSSE. <\/div>\n<p><\/font><\/td>\n<\/tr>\n<\/tbody>\n<\/table>\n","protected":false},"excerpt":{"rendered":"<p>Voici les annonces de la semaine du lundi 21 au dimanche 27 septembre 2015 pour la paroisse des 3 clochers Cr\u00e9cy-la-Chapelle, Villiers-sur-Morin, Voulangis. Samedi 26 \u00e0\u00a0 18 h 30, messe \u00e0\u00a0 Voulangis, Dimanche 27&#46;&#46;&#46;<\/p>\n","protected":false},"author":2,"featured_media":0,"comment_status":"open","ping_status":"open","sticky":false,"template":"","format":"standard","meta":{"footnotes":""},"categories":[],"tags":[],"class_list":["post-895","post","type-post","status-publish","format-standard","hentry"],"_links":{"self":[{"href":"http:\/\/www.chapelle-crecy.com\/index.php?rest_route=\/wp\/v2\/posts\/895","targetHints":{"allow":["GET"]}}],"collection":[{"href":"http:\/\/www.chapelle-crecy.com\/index.php?rest_route=\/wp\/v2\/posts"}],"about":[{"href":"http:\/\/www.chapelle-crecy.com\/index.php?rest_route=\/wp\/v2\/types\/post"}],"author":[{"embeddable":true,"href":"http:\/\/www.chapelle-crecy.com\/index.php?rest_route=\/wp\/v2\/users\/2"}],"replies":[{"embeddable":true,"href":"http:\/\/www.chapelle-crecy.com\/index.php?rest_route=%2Fwp%2Fv2%2Fcomments&post=895"}],"version-history":[{"count":0,"href":"http:\/\/www.chapelle-crecy.com\/index.php?rest_route=\/wp\/v2\/posts\/895\/revisions"}],"wp:attachment":[{"href":"http:\/\/www.chapelle-crecy.com\/index.php?rest_route=%2Fwp%2Fv2%2Fmedia&parent=895"}],"wp:term":[{"taxonomy":"category","embeddable":true,"href":"http:\/\/www.chapelle-crecy.com\/index.php?rest_route=%2Fwp%2Fv2%2Fcategories&post=895"},{"taxonomy":"post_tag","embeddable":true,"href":"http:\/\/www.chapelle-crecy.com\/index.php?rest_route=%2Fwp%2Fv2%2Ftags&post=895"}],"curies":[{"name":"wp","href":"https:\/\/api.w.org\/{rel}","templated":true}]}}