{"id":897,"date":"2015-09-27T14:25:33","date_gmt":"2015-09-27T14:25:33","guid":{"rendered":""},"modified":"-0001-11-30T00:00:00","modified_gmt":"-0001-11-29T22:00:00","slug":"","status":"publish","type":"post","link":"http:\/\/www.chapelle-crecy.com\/?p=897","title":{"rendered":"Annonces du 28 septembre au 4 octobre 2015"},"content":{"rendered":"<div align=\"justify\">Voici les annonces de la semaine du lundi 28 septembre au dimanche 4 octobre 2015 pour la paroisse des 3 clochers Cr\u00e9cy-la-Chapelle, Villiers-sur-Morin, Voulangis. <\/p>\n<p>Samedi 3 \u00e0\u00a0 18 h 30, messe \u00e0\u00a0 Villiers,<br \/>\nDimanche 4 \u00e0\u00a0 10 h 30, messe \u00e0\u00a0 Cr\u00e9cy.<\/p>\n<p>Tous les d\u00e9tails dans la suite &#8230;\n<\/p><\/div>\n<table bgcolor =\"F0F6FF\" border=0>\n<tbody>\n<tr>\n<td ><font color=\"0E0C40\"><\/p>\n<div align=\"center\"><b>Lundi 28 septembre<\/b><br \/>\n<i>Sts Martyrs du Japon<\/i><br \/>\n17 h &#8211; Messe \u00e0 la Maison de Retraite.<\/p>\n<p><b>Mardi 29 septembre<\/b><br \/>\n<i>Sts Michel, Gabriel et Rapha\u00ebl, archanges<\/i><br \/>\n18 h &#8211; Messe \u00e0 Cr\u00e9cy pour  Andr\u00e9 RENAULT et Jean-Charles POTEL.<\/div>\n<p><\/font><\/td>\n<td><font color=\"00CC00\"><\/p>\n<div align=\"center\"><img decoding=\"async\" src=\"\/IMG\/jpg\/stmichel07.jpg\"  width=350><\/div>\n<p><\/font><\/td>\n<\/tr>\n<\/tr>\n<tr>\n<td><font color=\"0E0C40\"><\/p>\n<div align=\"center\"><img decoding=\"async\" src=\"\/IMG\/jpg\/therese.jpg\"  width=250><\/div>\n<p><\/font><\/td>\n<td ><font color=\"0020FF\"><\/p>\n<div align=\"center\"><b>Mercredi 30 septembre<\/b><br \/>\n<i>St J\u00e9r\u00f4me<\/i><br \/>\n9h &#8211; Messe \u00e0 Cr\u00e9cy pour Chantal DUBOIS, Roger COLLE et Roger HAUBOURDIN.<\/p>\n<p><b>Jeudi 1er octobre<\/b><br \/>\n<i>Ste Th\u00e9r\u00e8se de l&rsquo;enfant J\u00e9sus<\/i><br \/>\n<br \/>9 h &#8211; Messe \u00e0 Cr\u00e9cy pour  Lionel TANGUY, Jacqueline BLEZY et Bernard HUTHSTEINER.<\/div>\n<p><font><\/td>\n<\/tr>\n<\/tr>\n<\/tbody>\n<\/table>\n<table bgcolor =\"FFF0F6\" border=0>\n<tbody>\n<tr>\n<td><font color=\"00CC00\"><\/p>\n<div align=\"center\"><b>Vendredi 2 octobre<\/b><br \/>\n<i>Sts Anges gardiens<\/i><br \/>\n9h &#8211; Messe \u00e0 Cr\u00e9cy pour Rose-Marie DECOUTTERE, Roger DUFAUX et  Claudine GROSJEAN.<br \/>\nde 9 h 30 \u00e0 10 h : Adoration du Saint Sacrement \u00e0 la chapelle de la Vierge.\n<\/div>\n<p><\/font><\/td>\n<td><font color=\"00CC00\"><\/p>\n<div align=\"center\">\n<div align=\"center\"><img decoding=\"async\" src=\"\/IMG\/jpg\/saint-sacrement.jpg\"  width=300><\/div>\n<p><\/font><\/td>\n<\/tr>\n<tr>\n<td><font color=\"0020FF\"><\/p>\n<div align=\"center\"><img decoding=\"async\" src=\"\/IMG\/lieux\/villiers_eglise2.jpg\"  width=300><\/div>\n<p><\/font><\/td>\n<td><font color=\"0020FF\"><\/p>\n<div align=\"center\"><b>Samedi 3 octobre<\/b><br \/>\n18 h 30 &#8211;  Messe \u00e0 Villiers pour  Germaine VERNILLET, Marie-Jos\u00e9 NAUROY et Marc CALONNE.<\/p>\n<p><b>Dimanche 4 octobre<\/b><br \/>\n<i>St Fran\u00e7ois d&rsquo;Assise<\/i><br \/>\n10 h 30 &#8211; Messe \u00e0 Cr\u00e9cy pour Georges PAQUET et Andr\u00e9 HUVELIN.<br \/>\nMesse anniversaire pour Pauline et Louis TENAGUILLO.<br \/>\nNous c\u00e9l\u00e9brerons aussi le Bapt\u00eame d&rsquo;Evan BOURGUIGNAT.<br \/>\nEt nous prierons pour Gilbert BERLINGUEZ inhum\u00e9 cette semaine.\n<\/div>\n<p><\/font><\/td>\n<\/tr>\n<\/tbody>\n<\/table>\n","protected":false},"excerpt":{"rendered":"<p>Voici les annonces de la semaine du lundi 28 septembre au dimanche 4 octobre 2015 pour la paroisse des 3 clochers Cr\u00e9cy-la-Chapelle, Villiers-sur-Morin, Voulangis. Samedi 3 \u00e0\u00a0 18 h 30, messe \u00e0\u00a0 Villiers, Dimanche&#46;&#46;&#46;<\/p>\n","protected":false},"author":2,"featured_media":0,"comment_status":"open","ping_status":"open","sticky":false,"template":"","format":"standard","meta":{"footnotes":""},"categories":[],"tags":[],"class_list":["post-897","post","type-post","status-publish","format-standard","hentry"],"_links":{"self":[{"href":"http:\/\/www.chapelle-crecy.com\/index.php?rest_route=\/wp\/v2\/posts\/897","targetHints":{"allow":["GET"]}}],"collection":[{"href":"http:\/\/www.chapelle-crecy.com\/index.php?rest_route=\/wp\/v2\/posts"}],"about":[{"href":"http:\/\/www.chapelle-crecy.com\/index.php?rest_route=\/wp\/v2\/types\/post"}],"author":[{"embeddable":true,"href":"http:\/\/www.chapelle-crecy.com\/index.php?rest_route=\/wp\/v2\/users\/2"}],"replies":[{"embeddable":true,"href":"http:\/\/www.chapelle-crecy.com\/index.php?rest_route=%2Fwp%2Fv2%2Fcomments&post=897"}],"version-history":[{"count":0,"href":"http:\/\/www.chapelle-crecy.com\/index.php?rest_route=\/wp\/v2\/posts\/897\/revisions"}],"wp:attachment":[{"href":"http:\/\/www.chapelle-crecy.com\/index.php?rest_route=%2Fwp%2Fv2%2Fmedia&parent=897"}],"wp:term":[{"taxonomy":"category","embeddable":true,"href":"http:\/\/www.chapelle-crecy.com\/index.php?rest_route=%2Fwp%2Fv2%2Fcategories&post=897"},{"taxonomy":"post_tag","embeddable":true,"href":"http:\/\/www.chapelle-crecy.com\/index.php?rest_route=%2Fwp%2Fv2%2Ftags&post=897"}],"curies":[{"name":"wp","href":"https:\/\/api.w.org\/{rel}","templated":true}]}}