{"id":898,"date":"2015-10-01T16:14:27","date_gmt":"2015-10-01T16:14:27","guid":{"rendered":""},"modified":"-0001-11-30T00:00:00","modified_gmt":"-0001-11-29T22:00:00","slug":"","status":"publish","type":"post","link":"http:\/\/www.chapelle-crecy.com\/?p=898","title":{"rendered":"Urgence r\u00e9fugi\u00e9s"},"content":{"rendered":"<div align=\"justify\">\nCe vendredi 2 et le samedi 3 octobre 2015  \u00e0\u00a0 Carrefour city, Intermarch\u00e9 et Super U, nous savons d&rsquo;avance que la g\u00e9n\u00e9rosit\u00e9 des clients et la disponibilit\u00e9 des b\u00e9n\u00e9voles participants ne faiblira pas. Et il le faut !<br \/>\nCar cette ann\u00e9e notre stock alimentaire et d&rsquo;hygi\u00e8ne devra \u00eatre aussi tr\u00e8s utile pour les r\u00e9fugi\u00e9s et leurs familles.<br \/>\nMobilisons-nous !<br \/>\nD\u00e8s maintenant inscrivez-vous pour tenir une permanence dans une grande surface et collecter les produits alimentaires et d&rsquo;hygi\u00e8ne.<br \/>\nMerci<\/p>\n<p>Alain Legeay<br \/>\nResponsable du Secours Catholique de Cr\u00e9cy<br \/>\nInscriptions :T\u00e9l : 06.72.28.45.04  \/  E-mail : sc77.crecy@sfr.fr\n<\/p><\/div>\n","protected":false},"excerpt":{"rendered":"<p>Ce vendredi 2 et le samedi 3 octobre 2015 \u00e0\u00a0 Carrefour city, Intermarch\u00e9 et Super U, nous savons d&rsquo;avance que la g\u00e9n\u00e9rosit\u00e9 des clients et la disponibilit\u00e9 des b\u00e9n\u00e9voles participants ne faiblira pas. Et&#46;&#46;&#46;<\/p>\n","protected":false},"author":2,"featured_media":0,"comment_status":"open","ping_status":"open","sticky":false,"template":"","format":"standard","meta":{"footnotes":""},"categories":[],"tags":[],"class_list":["post-898","post","type-post","status-publish","format-standard","hentry"],"_links":{"self":[{"href":"http:\/\/www.chapelle-crecy.com\/index.php?rest_route=\/wp\/v2\/posts\/898","targetHints":{"allow":["GET"]}}],"collection":[{"href":"http:\/\/www.chapelle-crecy.com\/index.php?rest_route=\/wp\/v2\/posts"}],"about":[{"href":"http:\/\/www.chapelle-crecy.com\/index.php?rest_route=\/wp\/v2\/types\/post"}],"author":[{"embeddable":true,"href":"http:\/\/www.chapelle-crecy.com\/index.php?rest_route=\/wp\/v2\/users\/2"}],"replies":[{"embeddable":true,"href":"http:\/\/www.chapelle-crecy.com\/index.php?rest_route=%2Fwp%2Fv2%2Fcomments&post=898"}],"version-history":[{"count":0,"href":"http:\/\/www.chapelle-crecy.com\/index.php?rest_route=\/wp\/v2\/posts\/898\/revisions"}],"wp:attachment":[{"href":"http:\/\/www.chapelle-crecy.com\/index.php?rest_route=%2Fwp%2Fv2%2Fmedia&parent=898"}],"wp:term":[{"taxonomy":"category","embeddable":true,"href":"http:\/\/www.chapelle-crecy.com\/index.php?rest_route=%2Fwp%2Fv2%2Fcategories&post=898"},{"taxonomy":"post_tag","embeddable":true,"href":"http:\/\/www.chapelle-crecy.com\/index.php?rest_route=%2Fwp%2Fv2%2Ftags&post=898"}],"curies":[{"name":"wp","href":"https:\/\/api.w.org\/{rel}","templated":true}]}}