{"id":899,"date":"2015-10-01T20:44:14","date_gmt":"2015-10-01T20:44:14","guid":{"rendered":""},"modified":"-0001-11-30T00:00:00","modified_gmt":"-0001-11-29T22:00:00","slug":"","status":"publish","type":"post","link":"http:\/\/www.chapelle-crecy.com\/?p=899","title":{"rendered":"Eveil \u00e0\u00a0 la foi 1\u00e8re s\u00e9ance 2015"},"content":{"rendered":"<p>Chers petits amis,<br \/>\n<br \/>\nVous \u00eates invit\u00e9s \u00e0\u00a0 la paroisse pour parler du Seigneur et le c\u00e9l\u00e9brer tous ensemble.<br \/>\n<br \/>\nNous nous retrouverons le samedi 10 octobre 2015 de 9h30 \u00e0\u00a0 11h \u00e0\u00a0 la salle paroissiale \u00e0\u00a0 Cr\u00e9cy.<br \/>\n<br \/>\nApportez de la colle, une paire de ciseaux, des feutres ou des crayons de couleur et votre bonne humeur \u00e0\u00a0 partager tous ensemble.<br \/>\n<br \/>A tr\u00e8s bient t.<br \/>\n<br \/>Laurence BRIANE tel : 01.64.63.86.27 \/ 06.73.73.92.59<\/p>\n<div align=\"center\"><img decoding=\"async\" src=\"\/IMG\/jpg\/eveil_foi_2015.jpg\"><\/div>\n","protected":false},"excerpt":{"rendered":"<p>Chers petits amis, Vous \u00eates invit\u00e9s \u00e0\u00a0 la paroisse pour parler du Seigneur et le c\u00e9l\u00e9brer tous ensemble. Nous nous retrouverons le samedi 10 octobre 2015 de 9h30 \u00e0\u00a0 11h \u00e0\u00a0 la salle paroissiale&#46;&#46;&#46;<\/p>\n","protected":false},"author":2,"featured_media":0,"comment_status":"open","ping_status":"open","sticky":false,"template":"","format":"standard","meta":{"footnotes":""},"categories":[],"tags":[],"class_list":["post-899","post","type-post","status-publish","format-standard","hentry"],"_links":{"self":[{"href":"http:\/\/www.chapelle-crecy.com\/index.php?rest_route=\/wp\/v2\/posts\/899","targetHints":{"allow":["GET"]}}],"collection":[{"href":"http:\/\/www.chapelle-crecy.com\/index.php?rest_route=\/wp\/v2\/posts"}],"about":[{"href":"http:\/\/www.chapelle-crecy.com\/index.php?rest_route=\/wp\/v2\/types\/post"}],"author":[{"embeddable":true,"href":"http:\/\/www.chapelle-crecy.com\/index.php?rest_route=\/wp\/v2\/users\/2"}],"replies":[{"embeddable":true,"href":"http:\/\/www.chapelle-crecy.com\/index.php?rest_route=%2Fwp%2Fv2%2Fcomments&post=899"}],"version-history":[{"count":0,"href":"http:\/\/www.chapelle-crecy.com\/index.php?rest_route=\/wp\/v2\/posts\/899\/revisions"}],"wp:attachment":[{"href":"http:\/\/www.chapelle-crecy.com\/index.php?rest_route=%2Fwp%2Fv2%2Fmedia&parent=899"}],"wp:term":[{"taxonomy":"category","embeddable":true,"href":"http:\/\/www.chapelle-crecy.com\/index.php?rest_route=%2Fwp%2Fv2%2Fcategories&post=899"},{"taxonomy":"post_tag","embeddable":true,"href":"http:\/\/www.chapelle-crecy.com\/index.php?rest_route=%2Fwp%2Fv2%2Ftags&post=899"}],"curies":[{"name":"wp","href":"https:\/\/api.w.org\/{rel}","templated":true}]}}