{"id":900,"date":"2015-10-02T00:18:18","date_gmt":"2015-10-02T00:18:18","guid":{"rendered":""},"modified":"-0001-11-30T00:00:00","modified_gmt":"-0001-11-29T22:00:00","slug":"","status":"publish","type":"post","link":"http:\/\/www.chapelle-crecy.com\/?p=900","title":{"rendered":"Apr\u00e8s l&rsquo;Olympia Gr\u00e9gory Turpin sera \u00e0\u00a0 la cath\u00e9drale de Meaux !"},"content":{"rendered":"<div align=\"justify\">\nGr\u00e9gory Turpin interpr\u00e8tera l&rsquo;album \u00ab Vivre d&rsquo;Amour \u00bb , recueil de po\u00e8mes de Sainte Th\u00e9r\u00e8se mis en musique par Gr\u00e9goire.<\/p>\n<p>Les accents pop de l&rsquo;album mettent en valeur le texte de celle qui continue encore d&rsquo;inspirer des millions de personnes, bien au-del\u00e0\u00a0 de la foi chr\u00e9tienne, par la gr ce et la simplicit\u00e9 joyeuse de son message. Les magnifiques chants d&rsquo;amour qui s&rsquo;expriment dans l&rsquo;album peuvent \u00eatre \u00e9cout\u00e9s par le plus grand nombre tout en ouvrant \u00e0\u00a0 la spiritualit\u00e9 th\u00e9r\u00e9sienne.<\/p>\n<p>Gr\u00e9gory Turpin, chanteur chr\u00e9tien bien connu de la jeune g\u00e9n\u00e9ration \u00e9tait \u00e0\u00a0 l&rsquo;Olympia le 6 juin dernier avec un autre album \u00ab Mes racines \u201c Les plus beaux chants chr\u00e9tiens d&rsquo;hier et d&rsquo;aujourd&rsquo;hui \u00bb.<br \/>\nVoici quelques t\u00e9moignages de cr\u00e9\u00e7ois qui sont all\u00e9s l&rsquo;\u00e9couter:<br \/>\n\u00ab\u00a0Je l&rsquo;ai vu et entendu \u00e0\u00a0 Paray le Monial l&rsquo;\u00e9t\u00e9 dernier et c&rsquo;\u00e9tait bouleversant\u00a0\u00bb: Elisabeth.<br \/>\n\u00ab\u00a0Au Frat, il nous a parl\u00e9 de sa conversion et son t\u00e9moignage m&rsquo;a beaucoup touch\u00e9e\u00a0\u00bb: Emmanuelle, 17 ans.<\/p><\/div>\n","protected":false},"excerpt":{"rendered":"<p>Gr\u00e9gory Turpin interpr\u00e8tera l&rsquo;album \u00ab Vivre d&rsquo;Amour \u00bb , recueil de po\u00e8mes de Sainte Th\u00e9r\u00e8se mis en musique par Gr\u00e9goire. Les accents pop de l&rsquo;album mettent en valeur le texte de celle qui continue&#46;&#46;&#46;<\/p>\n","protected":false},"author":2,"featured_media":0,"comment_status":"open","ping_status":"open","sticky":false,"template":"","format":"standard","meta":{"footnotes":""},"categories":[],"tags":[],"class_list":["post-900","post","type-post","status-publish","format-standard","hentry"],"_links":{"self":[{"href":"http:\/\/www.chapelle-crecy.com\/index.php?rest_route=\/wp\/v2\/posts\/900","targetHints":{"allow":["GET"]}}],"collection":[{"href":"http:\/\/www.chapelle-crecy.com\/index.php?rest_route=\/wp\/v2\/posts"}],"about":[{"href":"http:\/\/www.chapelle-crecy.com\/index.php?rest_route=\/wp\/v2\/types\/post"}],"author":[{"embeddable":true,"href":"http:\/\/www.chapelle-crecy.com\/index.php?rest_route=\/wp\/v2\/users\/2"}],"replies":[{"embeddable":true,"href":"http:\/\/www.chapelle-crecy.com\/index.php?rest_route=%2Fwp%2Fv2%2Fcomments&post=900"}],"version-history":[{"count":0,"href":"http:\/\/www.chapelle-crecy.com\/index.php?rest_route=\/wp\/v2\/posts\/900\/revisions"}],"wp:attachment":[{"href":"http:\/\/www.chapelle-crecy.com\/index.php?rest_route=%2Fwp%2Fv2%2Fmedia&parent=900"}],"wp:term":[{"taxonomy":"category","embeddable":true,"href":"http:\/\/www.chapelle-crecy.com\/index.php?rest_route=%2Fwp%2Fv2%2Fcategories&post=900"},{"taxonomy":"post_tag","embeddable":true,"href":"http:\/\/www.chapelle-crecy.com\/index.php?rest_route=%2Fwp%2Fv2%2Ftags&post=900"}],"curies":[{"name":"wp","href":"https:\/\/api.w.org\/{rel}","templated":true}]}}