{"id":901,"date":"2015-10-04T10:30:00","date_gmt":"2015-10-04T10:30:00","guid":{"rendered":""},"modified":"-0001-11-30T00:00:00","modified_gmt":"-0001-11-29T22:00:00","slug":"","status":"publish","type":"post","link":"http:\/\/www.chapelle-crecy.com\/?p=901","title":{"rendered":"Annonces du 5 au 11 octobre 2015"},"content":{"rendered":"<div align=\"justify\">Voici les annonces de la semaine du lundi 5 au dimanche 11 octobre 2015 pour la paroisse des 3 clochers Cr\u00e9cy-la-Chapelle, Villiers-sur-Morin, Voulangis. <\/p>\n<p>Samedi 10 \u00e0\u00a0 18 h 30, messe \u00e0\u00a0 Voulangis,<br \/>\nDimanche 11 \u00e0\u00a0 10 h 30, messe \u00e0\u00a0 Cr\u00e9cy.<\/p>\n<p>Tous les d\u00e9tails dans la suite &#8230;\n<\/p><\/div>\n<table border=0>\n<tbody>\n<tr>\n<td>\n<table bgcolor =\"F0F6FF\" border=0>\n<tbody>\n<tr>\n<td ><font color=\"0E0C40\"><\/p>\n<div align=\"center\"><b>Lundi 5 octobre<\/b><br \/>\n14 h 30 &#8211;  R\u00e9union de l&rsquo; Equipe du Rosaire chez Madame LOUIS.<br \/>\n17 h &#8211; C\u00e9l\u00e9bration  \u00e0 la Maison de Retraite.<\/p>\n<p><b>Mardi 6 octobre<\/b><br \/>\n<i>Saint Bruno<\/i><br \/>\n18 h &#8211; Messe \u00e0 Cr\u00e9cy pour Olivier LICHTY , Philippe CABARET et Jacqueline LAHAYE.<\/div>\n<p><\/font><\/td>\n<td><font color=\"00CC00\"><\/p>\n<div align=\"center\"><img decoding=\"async\" src=\"\/IMG\/personnes\/bruno.jpg\"  width=250><br \/>\nSaint-Bruno<\/div>\n<p><\/font><\/td>\n<\/tr>\n<\/tbody>\n<\/table>\n<table bgcolor =\"FFF0F6\" border=0>\n<tbody>\n<tr>\n<td><font color=\"0E0C40\"><\/p>\n<div align=\"center\"><img decoding=\"async\" src=\"\/IMG\/jpg\/chapelet.jpg\"  width=450><\/div>\n<p><\/font><\/td>\n<td ><font color=\"0020FF\"><\/p>\n<div align=\"center\"><b>Mercredi 7 octobre<\/b><br \/>\n<i>Notre-Dame du Rosaire<\/i><br \/>\n9h &#8211; Messe \u00e0 Cr\u00e9cy pour  Liliane THIOUX, Edith RIGOLLET <br \/>et Martine GRAVADE.<\/div>\n<p><font><\/td>\n<\/tr>\n<\/tbody>\n<\/table>\n<table bgcolor =\"F0F0F6\" border=0>\n<tbody>\n<tr>\n<td><font color=\"00CC00\"><\/p>\n<div align=\"center\">\n<b>Jeudi 8 octobre<\/b><\/p>\n<p>18 h &#8211; Messe \u00e0 Cr\u00e9cy pour Lucien CURCURU, Jacques GOSSET<br \/> et Jeannine PERRICHON<\/p>\n<p><b>Vendredi 9 octobre<\/b><br \/>\n<i>Saint-Denis<\/i><br \/>\n9h &#8211; Messe \u00e0 Cr\u00e9cy pour Yvette VALLEE, Mich\u00e8le HAESE <br \/>et Michel DEDIEU.\n<\/div>\n<p><\/font><\/td>\n<td><font color=\"00CC00\"><\/p>\n<div align=\"center\">\n<div align=\"center\"><img decoding=\"async\" src=\"\/IMG\/personnes\/denis.jpg\"  width=380><br \/>Saint-Denis<\/div>\n<p><\/font><\/td>\n<\/tr>\n<\/tbody>\n<\/table>\n<table bgcolor =\"F0FFF6\" border=0>\n<tbody>\n<tr>\n<td><font color=\"0020FF\"><\/p>\n<div align=\"center\"><img decoding=\"async\" src=\"\/IMG\/lieux\/voulangis_eglise6.jpg\"  width=250><\/div>\n<p><\/font><\/td>\n<td><font color=\"0020FF\"><\/p>\n<div align=\"center\"><b>Samedi 10 octobre<\/b><br \/>\n<i>Ste Techilde ,  premi\u00e8re abbesse de Jouarre<\/i><br \/> <br \/>\n18 h 30 &#8211;  A Voulangis, messe anniversaire pour Maryvonne MATHONNET. Elle sera \u00e9galement c\u00e9l\u00e9br\u00e9e pour Lucette RZEMINSKI et Chantal DUBOIS.<\/p>\n<p><b>Dimanche 11 octobre<\/b><br \/>\n10 h 30 &#8211; A Cr\u00e9cy, Messe participative  avec les enfants du Cat\u00e9chisme. Elle sera c\u00e9l\u00e9br\u00e9e pour  Henri et Henriette LEFEVRE. Nous prierons \u00e9galement pour Pascal DUBUS.<\/div>\n<p><\/font><\/td>\n<\/tr>\n<\/tbody>\n<\/table>\n<\/td>\n<\/tr>\n<\/tbody>\n<\/table>\n","protected":false},"excerpt":{"rendered":"<p>Voici les annonces de la semaine du lundi 5 au dimanche 11 octobre 2015 pour la paroisse des 3 clochers Cr\u00e9cy-la-Chapelle, Villiers-sur-Morin, Voulangis. Samedi 10 \u00e0\u00a0 18 h 30, messe \u00e0\u00a0 Voulangis, Dimanche 11&#46;&#46;&#46;<\/p>\n","protected":false},"author":2,"featured_media":0,"comment_status":"open","ping_status":"open","sticky":false,"template":"","format":"standard","meta":{"footnotes":""},"categories":[],"tags":[],"class_list":["post-901","post","type-post","status-publish","format-standard","hentry"],"_links":{"self":[{"href":"http:\/\/www.chapelle-crecy.com\/index.php?rest_route=\/wp\/v2\/posts\/901","targetHints":{"allow":["GET"]}}],"collection":[{"href":"http:\/\/www.chapelle-crecy.com\/index.php?rest_route=\/wp\/v2\/posts"}],"about":[{"href":"http:\/\/www.chapelle-crecy.com\/index.php?rest_route=\/wp\/v2\/types\/post"}],"author":[{"embeddable":true,"href":"http:\/\/www.chapelle-crecy.com\/index.php?rest_route=\/wp\/v2\/users\/2"}],"replies":[{"embeddable":true,"href":"http:\/\/www.chapelle-crecy.com\/index.php?rest_route=%2Fwp%2Fv2%2Fcomments&post=901"}],"version-history":[{"count":0,"href":"http:\/\/www.chapelle-crecy.com\/index.php?rest_route=\/wp\/v2\/posts\/901\/revisions"}],"wp:attachment":[{"href":"http:\/\/www.chapelle-crecy.com\/index.php?rest_route=%2Fwp%2Fv2%2Fmedia&parent=901"}],"wp:term":[{"taxonomy":"category","embeddable":true,"href":"http:\/\/www.chapelle-crecy.com\/index.php?rest_route=%2Fwp%2Fv2%2Fcategories&post=901"},{"taxonomy":"post_tag","embeddable":true,"href":"http:\/\/www.chapelle-crecy.com\/index.php?rest_route=%2Fwp%2Fv2%2Ftags&post=901"}],"curies":[{"name":"wp","href":"https:\/\/api.w.org\/{rel}","templated":true}]}}