{"id":903,"date":"2015-10-07T23:50:05","date_gmt":"2015-10-07T23:50:05","guid":{"rendered":""},"modified":"-0001-11-30T00:00:00","modified_gmt":"-0001-11-29T22:00:00","slug":"","status":"publish","type":"post","link":"http:\/\/www.chapelle-crecy.com\/?p=903","title":{"rendered":"Recherche choristes"},"content":{"rendered":"<p>Bonjour,<\/p>\n<p>Je suis gendarme \u00e0 la brigade de Crecy La Chapelle.<br \/>\nNous cherchons des volontaires pour faire partie de la chorale lors d&rsquo;une messe religieuse qui aura lieu le 20 novembre \u00e0 17h30 \u00e0 la coll\u00e9giale de Crecy-La-Chapelle. Il s&rsquo;agit de la c\u00e9l\u00e9bration de la Ste Genevi\u00e8ve, patronne de la gendarmerie. <\/p>\n<p>Cordialement <\/p>\n<p>GD COLLET Marjorie<br \/>\nBrigade de gendarmerie de Crecy La Chapelle <\/p>\n","protected":false},"excerpt":{"rendered":"<p>Bonjour, Je suis gendarme \u00e0 la brigade de Crecy La Chapelle. Nous cherchons des volontaires pour faire partie de la chorale lors d&rsquo;une messe religieuse qui aura lieu le 20 novembre \u00e0 17h30 \u00e0&#46;&#46;&#46;<\/p>\n","protected":false},"author":2,"featured_media":0,"comment_status":"open","ping_status":"open","sticky":false,"template":"","format":"standard","meta":{"footnotes":""},"categories":[],"tags":[],"class_list":["post-903","post","type-post","status-publish","format-standard","hentry"],"_links":{"self":[{"href":"http:\/\/www.chapelle-crecy.com\/index.php?rest_route=\/wp\/v2\/posts\/903","targetHints":{"allow":["GET"]}}],"collection":[{"href":"http:\/\/www.chapelle-crecy.com\/index.php?rest_route=\/wp\/v2\/posts"}],"about":[{"href":"http:\/\/www.chapelle-crecy.com\/index.php?rest_route=\/wp\/v2\/types\/post"}],"author":[{"embeddable":true,"href":"http:\/\/www.chapelle-crecy.com\/index.php?rest_route=\/wp\/v2\/users\/2"}],"replies":[{"embeddable":true,"href":"http:\/\/www.chapelle-crecy.com\/index.php?rest_route=%2Fwp%2Fv2%2Fcomments&post=903"}],"version-history":[{"count":0,"href":"http:\/\/www.chapelle-crecy.com\/index.php?rest_route=\/wp\/v2\/posts\/903\/revisions"}],"wp:attachment":[{"href":"http:\/\/www.chapelle-crecy.com\/index.php?rest_route=%2Fwp%2Fv2%2Fmedia&parent=903"}],"wp:term":[{"taxonomy":"category","embeddable":true,"href":"http:\/\/www.chapelle-crecy.com\/index.php?rest_route=%2Fwp%2Fv2%2Fcategories&post=903"},{"taxonomy":"post_tag","embeddable":true,"href":"http:\/\/www.chapelle-crecy.com\/index.php?rest_route=%2Fwp%2Fv2%2Ftags&post=903"}],"curies":[{"name":"wp","href":"https:\/\/api.w.org\/{rel}","templated":true}]}}