{"id":904,"date":"2015-10-09T21:40:10","date_gmt":"2015-10-09T21:40:10","guid":{"rendered":""},"modified":"-0001-11-30T00:00:00","modified_gmt":"-0001-11-29T22:00:00","slug":"","status":"publish","type":"post","link":"http:\/\/www.chapelle-crecy.com\/?p=904","title":{"rendered":"Annonces du 12 au 18 octobre 2015"},"content":{"rendered":"<div align=\"justify\">Voici les annonces de la semaine du lundi 12 au dimanche 18 octobre 2015 pour la paroisse des 3 clochers Cr\u00e9cy-la-Chapelle, Villiers-sur-Morin, Voulangis. <\/p>\n<p>Samedi 17 \u00e0\u00a0 18 h 30, messe \u00e0\u00a0 Villiers,<br \/>\nDimanche 18 \u00e0\u00a0 10 h 30, messe \u00e0\u00a0 Cr\u00e9cy.<\/p>\n<p>Tous les d\u00e9tails dans la suite &#8230;\n<\/p><\/div>\n<table border=0>\n<tbody>\n<tr>\n<td>\n<table bgcolor =\"F0F6FF\" border=0>\n<tbody>\n<tr>\n<td ><font color=\"0E0C40\"><\/p>\n<div align=\"center\"><b>Lundi 12 octobre<\/b><br \/>\n17 h &#8211; Messe \u00e0 la Maison de Retraite.<br \/>\n20 h 30 &#8211;  R\u00e9union de l&rsquo; Equipe d&rsquo;Animation Pastorale.<\/p>\n<p><b>Mardi 13 octobre<\/b><br \/>\n<i>Saint G\u00e9raud<\/i><br \/>\n18 h &#8211; Messe \u00e0 Cr\u00e9cy pour  Maria AZEVEDO, Juliette LACOMBE et Paulette LOINTIER.<\/div>\n<p><\/font><\/td>\n<td><font color=\"00CC00\"><\/p>\n<div align=\"center\"><img decoding=\"async\" src=\"\/IMG\/personnes\/geraud.jpg\"  width=300>\n<\/div>\n<p><\/font><\/td>\n<\/tr>\n<\/tbody>\n<\/table>\n<table bgcolor =\"FFF0F6\" border=0>\n<tbody>\n<tr>\n<td><font color=\"0E0C40\"><\/p>\n<div align=\"center\"><img decoding=\"async\" src=\"\/IMG\/personnes\/calixte.jpg\"  width=300><\/div>\n<p><\/font><\/td>\n<td ><font color=\"0020FF\"><\/p>\n<div align=\"center\"><b>Mercredi 14 octobre<\/b><br \/>\n<i>Saint Calixte<\/i><\/p>\n<p>9 h &#8211; Messe \u00e0 Cr\u00e9cy pour Christiane MEIGNANT, Jean-Charles POTEL et Lucien GORRET.<\/p>\n<p>10 h 30 &#8211; Obs\u00e8ques \u00e0 Cr\u00e9cy de Henri NARET.\n <\/p><\/div>\n<p><font><\/td>\n<\/tr>\n<\/tbody>\n<\/table>\n<table bgcolor =\"F0F0F6\" border=0>\n<tbody>\n<tr>\n<td><font color=\"00CC00\"><\/p>\n<div align=\"center\">\n<b>Jeudi 15 octobre<\/b><br \/>\n<i>Sainte Th\u00e9r\u00e8se d&rsquo;Avila<\/i><\/p>\n<p>18 h &#8211; Messe \u00e0 Cr\u00e9cy pour Claudine AVANZINI, Stanislas WALTER et Maurice CAUGNE<\/p>\n<p><b>Vendredi 16 octobre<\/b><br \/>\n9h &#8211; Messe \u00e0 Cr\u00e9cy pour  la famille THION-MUNIER, ainsi que pour Jean ROSIER et Pierre LOUIS .\n<\/div>\n<p><\/font><\/td>\n<td><font color=\"00CC00\"><\/p>\n<div align=\"center\">\n<div align=\"center\"><img decoding=\"async\" src=\"\/IMG\/personnes\/Santa_teresa.jpg\"  width=250><\/div>\n<p><\/font><\/td>\n<\/tr>\n<\/tbody>\n<\/table>\n<table bgcolor =\"F0FFF6\" border=0>\n<tbody>\n<tr>\n<td><font color=\"0020FF\"><\/p>\n<div align=\"center\"><img decoding=\"async\" src=\"\/IMG\/lieux\/stgeorges20.jpg\"  width=350><\/div>\n<p><\/font><\/td>\n<td><font color=\"0020FF\"><\/p>\n<div align=\"center\"><b>Samedi 17 octobre<\/b><\/p>\n<p>18 h 30 &#8211;  Messe \u00e0 Villiers pour Guy LAGORSSE, G\u00e9rard LOYER et Andr\u00e9 RENAULT.<\/p>\n<p><b>Dimanche 18 octobre<\/b><br \/>\n10 h 30 &#8211; Messe \u00e0 Cr\u00e9cy pour Fran\u00e7ois de LAUBRIERE, Claudie SIMON et Maurice REVEL.<br \/>\nBapt\u00eame de Cozien MATHEO et d&rsquo;Arthur SIMODE.<br \/>\nQu\u00eate pour la Coop\u00e9ration Missionnaire.<\/div>\n<p><\/font><\/td>\n<\/tr>\n<\/tbody>\n<\/table>\n<\/td>\n<\/tr>\n<\/tbody>\n<\/table>\n","protected":false},"excerpt":{"rendered":"<p>Voici les annonces de la semaine du lundi 12 au dimanche 18 octobre 2015 pour la paroisse des 3 clochers Cr\u00e9cy-la-Chapelle, Villiers-sur-Morin, Voulangis. Samedi 17 \u00e0\u00a0 18 h 30, messe \u00e0\u00a0 Villiers, Dimanche 18&#46;&#46;&#46;<\/p>\n","protected":false},"author":2,"featured_media":0,"comment_status":"open","ping_status":"open","sticky":false,"template":"","format":"standard","meta":{"footnotes":""},"categories":[],"tags":[],"class_list":["post-904","post","type-post","status-publish","format-standard","hentry"],"_links":{"self":[{"href":"http:\/\/www.chapelle-crecy.com\/index.php?rest_route=\/wp\/v2\/posts\/904","targetHints":{"allow":["GET"]}}],"collection":[{"href":"http:\/\/www.chapelle-crecy.com\/index.php?rest_route=\/wp\/v2\/posts"}],"about":[{"href":"http:\/\/www.chapelle-crecy.com\/index.php?rest_route=\/wp\/v2\/types\/post"}],"author":[{"embeddable":true,"href":"http:\/\/www.chapelle-crecy.com\/index.php?rest_route=\/wp\/v2\/users\/2"}],"replies":[{"embeddable":true,"href":"http:\/\/www.chapelle-crecy.com\/index.php?rest_route=%2Fwp%2Fv2%2Fcomments&post=904"}],"version-history":[{"count":0,"href":"http:\/\/www.chapelle-crecy.com\/index.php?rest_route=\/wp\/v2\/posts\/904\/revisions"}],"wp:attachment":[{"href":"http:\/\/www.chapelle-crecy.com\/index.php?rest_route=%2Fwp%2Fv2%2Fmedia&parent=904"}],"wp:term":[{"taxonomy":"category","embeddable":true,"href":"http:\/\/www.chapelle-crecy.com\/index.php?rest_route=%2Fwp%2Fv2%2Fcategories&post=904"},{"taxonomy":"post_tag","embeddable":true,"href":"http:\/\/www.chapelle-crecy.com\/index.php?rest_route=%2Fwp%2Fv2%2Ftags&post=904"}],"curies":[{"name":"wp","href":"https:\/\/api.w.org\/{rel}","templated":true}]}}