{"id":906,"date":"2015-10-16T22:39:54","date_gmt":"2015-10-16T22:39:54","guid":{"rendered":""},"modified":"-0001-11-30T00:00:00","modified_gmt":"-0001-11-29T22:00:00","slug":"","status":"publish","type":"post","link":"http:\/\/www.chapelle-crecy.com\/?p=906","title":{"rendered":"Annonces du 19 au 25 octobre 2015"},"content":{"rendered":"<div align=\"justify\">Voici les annonces de la semaine du lundi 19 au dimanche 25 octobre 2015 pour la paroisse des 3 clochers Cr\u00e9cy-la-Chapelle, Villiers-sur-Morin, Voulangis. <\/p>\n<p>Samedi 24 \u00e0\u00a0 18 h 30, messe \u00e0\u00a0 Voulangis,<br \/>\nDimanche 25 \u00e0\u00a0 10 h 30, messe \u00e0\u00a0 Cr\u00e9cy.<\/p>\n<p>Tous les d\u00e9tails dans la suite &#8230;\n<\/p><\/div>\n<table border=0>\n<tbody>\n<tr>\n<td>\n<table bgcolor =\"F0F6FF\" border=0>\n<tbody>\n<tr>\n<td ><font color=\"0E0C40\"><\/p>\n<div align=\"center\"><b>Lundi 19 octobre<\/b><br \/>\n17 h &#8211; C\u00e9l\u00e9bration \u00e0 la Maison de Retraite.<\/p>\n<p><b>Mardi 20 octobre<\/b><br \/>\n18 h &#8211; Messe \u00e0 Cr\u00e9cy pour Paule THOMAS, C\u00e9line CHARLES et Pierre BOURGET.<\/p>\n<p><b>Mercredi 21 octobre<\/b><br \/>\n<i>Sainte C\u00e9line<\/i><br \/> <br \/>\n9 h &#8211; Messe \u00e0 Cr\u00e9cy pour Andr\u00e9e COFFINIER, Jean PANHARD et Lionel TANGUY .<\/div>\n<p><\/font><\/td>\n<td><font color=\"00CC00\"><\/p>\n<div align=\"center\"><img decoding=\"async\" src=\"\/IMG\/personnes\/celine.jpg\"  width=250>\n<\/div>\n<p><\/font><\/td>\n<\/tr>\n<\/tbody>\n<\/table>\n<table bgcolor =\"F0F0F6\" border=0>\n<tbody>\n<tr>\n<td><font color=\"00CC00\"><\/p>\n<div align=\"center\">\n<div align=\"center\"><img decoding=\"async\" src=\"\/IMG\/personnes\/Jeanpaul05.jpg\"  width=350><\/div>\n<p><\/font><\/td>\n<td><font color=\"00CC00\"><\/p>\n<div align=\"center\">\n<b>Jeudi 22 octobre<\/b><br \/>\n<i>Sainte Jean-Paul II<\/i><br \/>\n<br \/>\n14 h 30 &#8211; Obs\u00e8ques \u00e0 Voulangis de Jacqueline MULET n\u00e9e HACHET-SOUPPLET. <br \/>\n18 h &#8211; Messe \u00e0 Cr\u00e9cy pour Louis LEDAIN, Jean MARTINAND et Henri CORPECHOT.<\/p>\n<p><b>Vendredi 23 octobre<\/b><br \/>\n9h &#8211; Messe \u00e0 Cr\u00e9cy pour la famille NOEL, ainsi que pour Marc CALONNE et Gilbert BERLINGUEZ.\n<\/div>\n<p><\/font><\/td>\n<\/tr>\n<\/tbody>\n<\/table>\n<table bgcolor =\"F0FFF6\" border=0>\n<tbody>\n<tr>\n<td><font color=\"0020FF\"><\/p>\n<div align=\"center\"><b>Samedi 17 octobre<\/b><br \/>\n18 h 30 &#8211;  Messe \u00e0 Voulangis pour Raymonde LEROUX, Lucette BRASILLIER et Roger HAUBOURDIN.<\/p>\n<p><b>Dimanche 25 octobre<\/b><br \/>\n10 h 30 &#8211; Messe  \u00e0 Cr\u00e9cy pour Claude CHEVALLIER et sa famille, ainsi que pour  Andr\u00e9 CHAMPIN et Fran\u00e7oise JOSSE.<br \/>\nMesse de 8e anniversaire de d\u00e9c\u00e8s pour Alain CUISINIER.<\/div>\n<p><\/font><\/td>\n<td><font color=\"0020FF\"><\/p>\n<div align=\"center\"><img decoding=\"async\" src=\"\/IMG\/lieux\/voulangis_eglise10.jpg\"  width=350><\/div>\n<p><\/font><\/td>\n<\/tr>\n<\/tbody>\n<\/table>\n<\/td>\n<\/tr>\n<\/tbody>\n<\/table>\n","protected":false},"excerpt":{"rendered":"<p>Voici les annonces de la semaine du lundi 19 au dimanche 25 octobre 2015 pour la paroisse des 3 clochers Cr\u00e9cy-la-Chapelle, Villiers-sur-Morin, Voulangis. Samedi 24 \u00e0\u00a0 18 h 30, messe \u00e0\u00a0 Voulangis, Dimanche 25&#46;&#46;&#46;<\/p>\n","protected":false},"author":2,"featured_media":0,"comment_status":"open","ping_status":"open","sticky":false,"template":"","format":"standard","meta":{"footnotes":""},"categories":[],"tags":[],"class_list":["post-906","post","type-post","status-publish","format-standard","hentry"],"_links":{"self":[{"href":"http:\/\/www.chapelle-crecy.com\/index.php?rest_route=\/wp\/v2\/posts\/906","targetHints":{"allow":["GET"]}}],"collection":[{"href":"http:\/\/www.chapelle-crecy.com\/index.php?rest_route=\/wp\/v2\/posts"}],"about":[{"href":"http:\/\/www.chapelle-crecy.com\/index.php?rest_route=\/wp\/v2\/types\/post"}],"author":[{"embeddable":true,"href":"http:\/\/www.chapelle-crecy.com\/index.php?rest_route=\/wp\/v2\/users\/2"}],"replies":[{"embeddable":true,"href":"http:\/\/www.chapelle-crecy.com\/index.php?rest_route=%2Fwp%2Fv2%2Fcomments&post=906"}],"version-history":[{"count":0,"href":"http:\/\/www.chapelle-crecy.com\/index.php?rest_route=\/wp\/v2\/posts\/906\/revisions"}],"wp:attachment":[{"href":"http:\/\/www.chapelle-crecy.com\/index.php?rest_route=%2Fwp%2Fv2%2Fmedia&parent=906"}],"wp:term":[{"taxonomy":"category","embeddable":true,"href":"http:\/\/www.chapelle-crecy.com\/index.php?rest_route=%2Fwp%2Fv2%2Fcategories&post=906"},{"taxonomy":"post_tag","embeddable":true,"href":"http:\/\/www.chapelle-crecy.com\/index.php?rest_route=%2Fwp%2Fv2%2Ftags&post=906"}],"curies":[{"name":"wp","href":"https:\/\/api.w.org\/{rel}","templated":true}]}}