{"id":907,"date":"2015-10-17T14:22:28","date_gmt":"2015-10-17T14:22:28","guid":{"rendered":""},"modified":"-0001-11-30T00:00:00","modified_gmt":"-0001-11-29T22:00:00","slug":"","status":"publish","type":"post","link":"http:\/\/www.chapelle-crecy.com\/?p=907","title":{"rendered":"En ce 17 octobre jour historique prions pour le rugby !!!"},"content":{"rendered":"<div align=\"justify\">On peut se demander s&rsquo;il est l\u00e9gitime de prier pour le rugby, une passion comme une autre, alors qu&rsquo;il y a tant de causes \u00e0\u00a0 soutenir dans notre monde. Et pourtant, dans les Landes, il existe une petite chapelle Notre-Dame du Rugby.<br \/>\nNous sommes \u00e0\u00a0 quelques heures seulement du grand match historique de ce soir \u00e0\u00a0 21h qui opposera le XV de France aux All Blacks, cette \u00e9quipe mythique de Nouvelle Z\u00e9lande, une des meilleures sinon la meilleure \u00e9quipe du monde. Ce soir, c&rsquo;est toute la famille du rugby &#8211; qui s&rsquo;\u00e9tend de plus en plus sur toute la France &#8211; qui, pendant 80 minutes sera riv\u00e9e devant son \u00e9cran de t\u00e9l\u00e9vision.<br \/>\nEn avant-premi\u00e8re,  je vous propose de d\u00e9couvrir cette petite chapelle in\u00e9dite, enti\u00e8rement d\u00e9di\u00e9e \u00e0\u00a0 ce sport de combat, mais porteur des si belles valeurs de courage, d&rsquo;abn\u00e9gation, de coh\u00e9sion et d&rsquo;esprit d&rsquo;\u00e9quipe.<br \/>\nAlors, avec une grande ferveur et beaucoup d&rsquo;enthousiasme, avec Notre-Dame du Rugby, prions pour les Bleus et &#8230; Allez la France !!! <\/div>\n<div align=\"center\"><iframe loading=\"lazy\" width=\"420\" height=\"315\" src=\"https:\/\/www.youtube.com\/embed\/X4CMbLxiWOE\" frameborder=\"0\" allowfullscreen><\/iframe>\n<\/div>\n<div align=\"justify\"> Alors que tous les passionn\u00e9s de l&rsquo;ovalie esp\u00e8rent le XV de France champion du Monde 2015, pourquoi de nombreux jeunes de notre secteur de Cr\u00e9cy pratiquent ce sport ?<\/p>\n<p> \u00ab Ecole de rugby, \u00e9cole de la vie \u00bb. Le slogan de la F\u00e9d\u00e9ration fran\u00e7aise de rugby r\u00e9sume bien les valeurs citoyennes de l&rsquo;ovalie\u00e2\u20ac\u2030: le savoir-vivre, le courage, l&rsquo;humilit\u00e9, la solidarit\u00e9. Sur le terrain, l&rsquo;enfant apprend \u00e0 se confronter \u00e0 l&rsquo;adversit\u00e9, celle de l&rsquo;\u00e9quipe d&rsquo;en face ou des intemp\u00e9ries. Il forge son caract\u00e8re tout en apprenant \u00e0 se concentrer et \u00e0 ma \u00eetriser son impulsivit\u00e9, gr\u00e2ce \u00e0 des r\u00e8gles tr\u00e8s strictes. Il laisse aussi son ego au vestiaire car la star, c&rsquo;est l&rsquo;\u00e9quipe\u00e2\u20ac\u2030! Seule la bonne coh\u00e9sion du<br \/>\ngroupe rend possible la victoire, un joueur ne pouvant traverser le terrain sans l&rsquo;aide de ses co\u00e9quipiers. Plus encore que dans d&rsquo;autres sports collectifs, on mesure la justesse du proverbe\u00e2\u20ac\u2030: l&rsquo;union fait la force.\n<\/p><\/div>\n","protected":false},"excerpt":{"rendered":"<p>On peut se demander s&rsquo;il est l\u00e9gitime de prier pour le rugby, une passion comme une autre, alors qu&rsquo;il y a tant de causes \u00e0\u00a0 soutenir dans notre monde. Et pourtant, dans les Landes,&#46;&#46;&#46;<\/p>\n","protected":false},"author":2,"featured_media":0,"comment_status":"open","ping_status":"open","sticky":false,"template":"","format":"standard","meta":{"footnotes":""},"categories":[],"tags":[],"class_list":["post-907","post","type-post","status-publish","format-standard","hentry"],"_links":{"self":[{"href":"http:\/\/www.chapelle-crecy.com\/index.php?rest_route=\/wp\/v2\/posts\/907","targetHints":{"allow":["GET"]}}],"collection":[{"href":"http:\/\/www.chapelle-crecy.com\/index.php?rest_route=\/wp\/v2\/posts"}],"about":[{"href":"http:\/\/www.chapelle-crecy.com\/index.php?rest_route=\/wp\/v2\/types\/post"}],"author":[{"embeddable":true,"href":"http:\/\/www.chapelle-crecy.com\/index.php?rest_route=\/wp\/v2\/users\/2"}],"replies":[{"embeddable":true,"href":"http:\/\/www.chapelle-crecy.com\/index.php?rest_route=%2Fwp%2Fv2%2Fcomments&post=907"}],"version-history":[{"count":0,"href":"http:\/\/www.chapelle-crecy.com\/index.php?rest_route=\/wp\/v2\/posts\/907\/revisions"}],"wp:attachment":[{"href":"http:\/\/www.chapelle-crecy.com\/index.php?rest_route=%2Fwp%2Fv2%2Fmedia&parent=907"}],"wp:term":[{"taxonomy":"category","embeddable":true,"href":"http:\/\/www.chapelle-crecy.com\/index.php?rest_route=%2Fwp%2Fv2%2Fcategories&post=907"},{"taxonomy":"post_tag","embeddable":true,"href":"http:\/\/www.chapelle-crecy.com\/index.php?rest_route=%2Fwp%2Fv2%2Ftags&post=907"}],"curies":[{"name":"wp","href":"https:\/\/api.w.org\/{rel}","templated":true}]}}