{"id":909,"date":"2010-11-03T21:18:55","date_gmt":"2010-11-03T21:18:55","guid":{"rendered":""},"modified":"-0001-11-30T00:00:00","modified_gmt":"-0001-11-29T22:00:00","slug":"","status":"publish","type":"post","link":"http:\/\/www.chapelle-crecy.com\/?p=909","title":{"rendered":"DECES DU PERE PIERRE LAIDEZ"},"content":{"rendered":"<div align=\"justify\">M. Le chanoine Pierre Laidez, aum\u00f4nier du Carmel de Meaux, pr\u00eatre habitu\u00e9 du p\u00f4le missionnaire de Meaux, est mort subitement dans la nuit du vendredi au samedi 30 octobre 2010, \u00e0 l&rsquo;\u00e2ge de 72 ans. Il \u00e9tait<br \/>\ndans la 47e ann\u00e9e de son sacerdoce.<br \/>\n La messe de ses obs\u00e8ques sera conc\u00e9l\u00e9br\u00e9e le vendredi 5 novembre \u00e0 10 h, en la cath\u00e9drale Saint-Etienne de Meaux. Il sera inhum\u00e9 dans le caveau des pr\u00eatres, au Cimeti\u00e8re ancien de Meaux.<br \/>\n Une veill\u00e9e de pri\u00e8re aura lieu le 4 novembre \u00e0 20h00 au Vieux Chapitre.<\/div>\n<p><img decoding=\"async\" src=\"\/IMG\/jpg\/breveon10.jpg\" width=150\"><\/p>\n","protected":false},"excerpt":{"rendered":"<p>M. Le chanoine Pierre Laidez, aum\u00f4nier du Carmel de Meaux, pr\u00eatre habitu\u00e9 du p\u00f4le missionnaire de Meaux, est mort subitement dans la nuit du vendredi au samedi 30 octobre 2010, \u00e0 l&rsquo;\u00e2ge de 72&#46;&#46;&#46;<\/p>\n","protected":false},"author":2,"featured_media":0,"comment_status":"open","ping_status":"open","sticky":false,"template":"","format":"standard","meta":{"footnotes":""},"categories":[],"tags":[],"class_list":["post-909","post","type-post","status-publish","format-standard","hentry"],"_links":{"self":[{"href":"http:\/\/www.chapelle-crecy.com\/index.php?rest_route=\/wp\/v2\/posts\/909","targetHints":{"allow":["GET"]}}],"collection":[{"href":"http:\/\/www.chapelle-crecy.com\/index.php?rest_route=\/wp\/v2\/posts"}],"about":[{"href":"http:\/\/www.chapelle-crecy.com\/index.php?rest_route=\/wp\/v2\/types\/post"}],"author":[{"embeddable":true,"href":"http:\/\/www.chapelle-crecy.com\/index.php?rest_route=\/wp\/v2\/users\/2"}],"replies":[{"embeddable":true,"href":"http:\/\/www.chapelle-crecy.com\/index.php?rest_route=%2Fwp%2Fv2%2Fcomments&post=909"}],"version-history":[{"count":0,"href":"http:\/\/www.chapelle-crecy.com\/index.php?rest_route=\/wp\/v2\/posts\/909\/revisions"}],"wp:attachment":[{"href":"http:\/\/www.chapelle-crecy.com\/index.php?rest_route=%2Fwp%2Fv2%2Fmedia&parent=909"}],"wp:term":[{"taxonomy":"category","embeddable":true,"href":"http:\/\/www.chapelle-crecy.com\/index.php?rest_route=%2Fwp%2Fv2%2Fcategories&post=909"},{"taxonomy":"post_tag","embeddable":true,"href":"http:\/\/www.chapelle-crecy.com\/index.php?rest_route=%2Fwp%2Fv2%2Ftags&post=909"}],"curies":[{"name":"wp","href":"https:\/\/api.w.org\/{rel}","templated":true}]}}