{"id":910,"date":"2010-11-04T18:41:00","date_gmt":"2010-11-04T18:41:00","guid":{"rendered":""},"modified":"-0001-11-30T00:00:00","modified_gmt":"-0001-11-29T22:00:00","slug":"","status":"publish","type":"post","link":"http:\/\/www.chapelle-crecy.com\/?p=910","title":{"rendered":"Prier par la musique"},"content":{"rendered":"<p>Jeunes musiciens du dioc\u00e8se de Meaux, nous avons voulu mettre nos talents au service de la liturgie pour vous aider \u00e0 entrer dans la pri\u00e8re.<br \/>\n Retenez ces rendez-vous et joignez-vous \u00e0 nous pour l&rsquo;une ou l&rsquo;autre de ces c\u00e9l\u00e9brations.<br \/>\n Nous ne sommes pas pr\u00e9sents chez vous? Cela vous d\u00e9sole? Un renseignement?<br \/>\n Contactez Pierre STELMASZYK: 06 33 34 17 89<\/p>\n<p> Samedi 20 novembre \u00e0 Coulommiers<br \/>\n Eglise Saint Denis \/Sainte Foy<br \/>\n Messe de confirmation \u00e0 18h00<\/p>\n<p> Dimanche 28 novembre \u00e0 Lagny<br \/>\n Eglise Notre Dame des Ardents<br \/>\n Messe de confirmation \u00e0 11h00<\/p>\n<p> Samedi 4 d\u00e9cembre \u00e0 Coulommiers<br \/>\n Eglise Notre Dame de Toute Joie<br \/>\n Messe \u00e0 18h30<br \/>\n Veill\u00e9e \u00e0 20h30<\/p>\n<p> Samedi 12 f\u00e9vrier 2011 \u00e0 Provins<br \/>\n Eglise Saint Ayoul<br \/>\n Veill\u00e9e \u00e0 20h30<\/p>\n<p> Samedi 16 avril 2011 \u00e0 Coulommiers<br \/>\n Eglise Notre Dame de Toute Joie<br \/>\n Messe \u00e0 18h30<br \/>\n Veill\u00e9e \u00e0 20h30<\/p>\n<p> Samedi 7 mai 2011 \u00e0 Meaux<br \/>\n Eglise Saint Nicolas<br \/>\n Veill\u00e9e de pri\u00e8re \u00e0 20h30<\/p>\n<p> Samedi 18 juin 2011 \u00e0 Coulommiers<br \/>\n Eglise Notre Dame de Toute Joie<br \/>\n Messe \u00e0 18h30<br \/>\n Veill\u00e9e \u00e0 20h30<\/p>\n<div align=\"center\"><img decoding=\"async\" src=\"\/IMG\/jpg\/breveon11a.jpg\" width=450><\/div>\n","protected":false},"excerpt":{"rendered":"<p>Jeunes musiciens du dioc\u00e8se de Meaux, nous avons voulu mettre nos talents au service de la liturgie pour vous aider \u00e0 entrer dans la pri\u00e8re. Retenez ces rendez-vous et joignez-vous \u00e0 nous pour l&rsquo;une&#46;&#46;&#46;<\/p>\n","protected":false},"author":2,"featured_media":0,"comment_status":"open","ping_status":"open","sticky":false,"template":"","format":"standard","meta":{"footnotes":""},"categories":[],"tags":[],"class_list":["post-910","post","type-post","status-publish","format-standard","hentry"],"_links":{"self":[{"href":"http:\/\/www.chapelle-crecy.com\/index.php?rest_route=\/wp\/v2\/posts\/910","targetHints":{"allow":["GET"]}}],"collection":[{"href":"http:\/\/www.chapelle-crecy.com\/index.php?rest_route=\/wp\/v2\/posts"}],"about":[{"href":"http:\/\/www.chapelle-crecy.com\/index.php?rest_route=\/wp\/v2\/types\/post"}],"author":[{"embeddable":true,"href":"http:\/\/www.chapelle-crecy.com\/index.php?rest_route=\/wp\/v2\/users\/2"}],"replies":[{"embeddable":true,"href":"http:\/\/www.chapelle-crecy.com\/index.php?rest_route=%2Fwp%2Fv2%2Fcomments&post=910"}],"version-history":[{"count":0,"href":"http:\/\/www.chapelle-crecy.com\/index.php?rest_route=\/wp\/v2\/posts\/910\/revisions"}],"wp:attachment":[{"href":"http:\/\/www.chapelle-crecy.com\/index.php?rest_route=%2Fwp%2Fv2%2Fmedia&parent=910"}],"wp:term":[{"taxonomy":"category","embeddable":true,"href":"http:\/\/www.chapelle-crecy.com\/index.php?rest_route=%2Fwp%2Fv2%2Fcategories&post=910"},{"taxonomy":"post_tag","embeddable":true,"href":"http:\/\/www.chapelle-crecy.com\/index.php?rest_route=%2Fwp%2Fv2%2Ftags&post=910"}],"curies":[{"name":"wp","href":"https:\/\/api.w.org\/{rel}","templated":true}]}}