{"id":913,"date":"2011-01-26T20:21:35","date_gmt":"2011-01-26T20:21:35","guid":{"rendered":""},"modified":"-0001-11-30T00:00:00","modified_gmt":"-0001-11-29T22:00:00","slug":"","status":"publish","type":"post","link":"http:\/\/www.chapelle-crecy.com\/?p=913","title":{"rendered":"Conf\u00e9rence \u00e0\u00a0 l&rsquo;UNESCO sur le th\u00e8me de la paix  le 2 f\u00e9vrier 2011"},"content":{"rendered":"<p>Vous connaissez Jean Vanier? Vous avez entendu parler de l&rsquo;Arche, cette maison, situ\u00e9e dans l&rsquo;Oise, qui accueille les personnes avec un handicap mental?<br \/>\n Soif de paix ! C&rsquo;est le th\u00e8me de la conf\u00e9rence OCH (Office Chr\u00e9tien des personnes Handicap\u00e9es) que Jean Vanier, fondateur de l&rsquo;Arche,  donnera le:<br \/>\n 2 f\u00e9vrier \u00e0 20h \u00e0 l&rsquo;UNESCO.<br \/>\n Il proposera un chemin de paix pour notre monde et notre temps\u00e2\u20ac\u00a6<br \/>\n Vous \u00eates tous invit\u00e9s, l&rsquo;entr\u00e9e est libre.<\/p>\n<p> La paix ! Qui ne d\u00e9sire pas la paix ? C&rsquo;est un de nos besoins les plus profonds ! A l&rsquo;inverse, les guerres, les violences provoquent en nous une telle angoisse ! [&#8230;] J\u00e9sus n&rsquo;a cess\u00e9 de s&rsquo;asseoir pr\u00e8s du malade, de relever le boiteux. Il est pr\u00eat \u00e0 s&rsquo;asseoir pr\u00e8s de chacun de nous tel que nous sommes, paralys\u00e9s par nos peurs, pour nous aider \u00e0 poser aujourd&rsquo;hui l&rsquo;acte d&rsquo;amour qui construira la paix demain.<\/p>\n<p> Philippe de Lachapelle,<br \/>\n Directeur de l&rsquo;OCH<br \/>\n Contact 01 53 69 44 30<\/p>\n","protected":false},"excerpt":{"rendered":"<p>Vous connaissez Jean Vanier? Vous avez entendu parler de l&rsquo;Arche, cette maison, situ\u00e9e dans l&rsquo;Oise, qui accueille les personnes avec un handicap mental? Soif de paix ! C&rsquo;est le th\u00e8me de la conf\u00e9rence OCH&#46;&#46;&#46;<\/p>\n","protected":false},"author":2,"featured_media":0,"comment_status":"open","ping_status":"open","sticky":false,"template":"","format":"standard","meta":{"footnotes":""},"categories":[],"tags":[],"class_list":["post-913","post","type-post","status-publish","format-standard","hentry"],"_links":{"self":[{"href":"http:\/\/www.chapelle-crecy.com\/index.php?rest_route=\/wp\/v2\/posts\/913","targetHints":{"allow":["GET"]}}],"collection":[{"href":"http:\/\/www.chapelle-crecy.com\/index.php?rest_route=\/wp\/v2\/posts"}],"about":[{"href":"http:\/\/www.chapelle-crecy.com\/index.php?rest_route=\/wp\/v2\/types\/post"}],"author":[{"embeddable":true,"href":"http:\/\/www.chapelle-crecy.com\/index.php?rest_route=\/wp\/v2\/users\/2"}],"replies":[{"embeddable":true,"href":"http:\/\/www.chapelle-crecy.com\/index.php?rest_route=%2Fwp%2Fv2%2Fcomments&post=913"}],"version-history":[{"count":0,"href":"http:\/\/www.chapelle-crecy.com\/index.php?rest_route=\/wp\/v2\/posts\/913\/revisions"}],"wp:attachment":[{"href":"http:\/\/www.chapelle-crecy.com\/index.php?rest_route=%2Fwp%2Fv2%2Fmedia&parent=913"}],"wp:term":[{"taxonomy":"category","embeddable":true,"href":"http:\/\/www.chapelle-crecy.com\/index.php?rest_route=%2Fwp%2Fv2%2Fcategories&post=913"},{"taxonomy":"post_tag","embeddable":true,"href":"http:\/\/www.chapelle-crecy.com\/index.php?rest_route=%2Fwp%2Fv2%2Ftags&post=913"}],"curies":[{"name":"wp","href":"https:\/\/api.w.org\/{rel}","templated":true}]}}