{"id":914,"date":"2011-02-08T16:20:44","date_gmt":"2011-02-08T16:20:44","guid":{"rendered":""},"modified":"-0001-11-30T00:00:00","modified_gmt":"-0001-11-29T22:00:00","slug":"","status":"publish","type":"post","link":"http:\/\/www.chapelle-crecy.com\/?p=914","title":{"rendered":"D\u00e9c\u00e8s de Georges Picard"},"content":{"rendered":"<div align=\"justify\">M Georges Picard a rejoint la maison du P\u00e8re, dans la matin\u00e9e du mercredi 2 f\u00e9vrier 2011, \u00e0 l&rsquo;\u00e2ge de 85 ans. Il \u00e9tait agriculteur, mais toujours passionn\u00e9  par la terre qu&rsquo;il a tant travaill\u00e9e, puisqu&rsquo;il avait longtemps continu\u00e9 \u00e0 jardiner pendant sa retraite. Il avait aussi \u00e9t\u00e9 un hospitalier tr\u00e8s actif, toujours pr\u00eat \u00e0 rendre service.<br \/>\n La messe de ses obs\u00e8ques sera c\u00e9l\u00e9br\u00e9e le mercredi 9 f\u00e9vrier \u00e0 10 h 30, en l&rsquo;\u00e9glise Saint Georges de Cr\u00e9cy-la-Chapelle. <\/div>\n","protected":false},"excerpt":{"rendered":"<p>M Georges Picard a rejoint la maison du P\u00e8re, dans la matin\u00e9e du mercredi 2 f\u00e9vrier 2011, \u00e0 l&rsquo;\u00e2ge de 85 ans. Il \u00e9tait agriculteur, mais toujours passionn\u00e9 par la terre qu&rsquo;il a tant&#46;&#46;&#46;<\/p>\n","protected":false},"author":2,"featured_media":0,"comment_status":"open","ping_status":"open","sticky":false,"template":"","format":"standard","meta":{"footnotes":""},"categories":[],"tags":[],"class_list":["post-914","post","type-post","status-publish","format-standard","hentry"],"_links":{"self":[{"href":"http:\/\/www.chapelle-crecy.com\/index.php?rest_route=\/wp\/v2\/posts\/914","targetHints":{"allow":["GET"]}}],"collection":[{"href":"http:\/\/www.chapelle-crecy.com\/index.php?rest_route=\/wp\/v2\/posts"}],"about":[{"href":"http:\/\/www.chapelle-crecy.com\/index.php?rest_route=\/wp\/v2\/types\/post"}],"author":[{"embeddable":true,"href":"http:\/\/www.chapelle-crecy.com\/index.php?rest_route=\/wp\/v2\/users\/2"}],"replies":[{"embeddable":true,"href":"http:\/\/www.chapelle-crecy.com\/index.php?rest_route=%2Fwp%2Fv2%2Fcomments&post=914"}],"version-history":[{"count":0,"href":"http:\/\/www.chapelle-crecy.com\/index.php?rest_route=\/wp\/v2\/posts\/914\/revisions"}],"wp:attachment":[{"href":"http:\/\/www.chapelle-crecy.com\/index.php?rest_route=%2Fwp%2Fv2%2Fmedia&parent=914"}],"wp:term":[{"taxonomy":"category","embeddable":true,"href":"http:\/\/www.chapelle-crecy.com\/index.php?rest_route=%2Fwp%2Fv2%2Fcategories&post=914"},{"taxonomy":"post_tag","embeddable":true,"href":"http:\/\/www.chapelle-crecy.com\/index.php?rest_route=%2Fwp%2Fv2%2Ftags&post=914"}],"curies":[{"name":"wp","href":"https:\/\/api.w.org\/{rel}","templated":true}]}}