{"id":916,"date":"2011-02-22T22:30:44","date_gmt":"2011-02-22T22:30:44","guid":{"rendered":""},"modified":"-0001-11-30T00:00:00","modified_gmt":"-0001-11-29T22:00:00","slug":"","status":"publish","type":"post","link":"http:\/\/www.chapelle-crecy.com\/?p=916","title":{"rendered":"P\u00e8lerinage dioc\u00e9sain le 5 mars 2011 \u00e0\u00a0 Notre Dame de l&rsquo;Epine (Ch\u00e2lons-en-Champagne)"},"content":{"rendered":"<div align=\"center\"><img decoding=\"async\" src=\"\/IMG\/jpg\/Basilique_Notre-Dame_de_l_Epine.jpg\"><\/div>\n<p> Chers amis,<\/p>\n<p> Le p\u00e8lerinage est une image et un r\u00e9sum\u00e9 de la vie chr\u00e9tienne, une d\u00e9marche de foi o\u00f9 nous allons vers \u00abune partie meilleure \u00bb  (He 11,16) o\u00f9 Dieu nous appelle.<br \/>\n Nous quittons notre confort, nos habitudes,  notre vie quotidienne, nous suspendons, au moins pour un temps, nos relations         habituelles, familiales ou autres, pour entrer dans un d\u00e9paysement, d\u00e9couvrir l&rsquo;Eglise et sa pri\u00e8re dans les lieux de gr\u00e2ce. Le p\u00e8lerinage nous permet de nous mettre \u00e0 l&rsquo;\u00e9coute du Seigneur, de Lui confier, dans la pri\u00e8re, tous ceux et celles qui nous sont chers et de vivre un temps fraternel avec d&rsquo;autres p\u00e8lerins.<br \/>\n Bon p\u00e8lerinage !<\/p>\n<p> + Fr. Albert-Marie de Monl\u00e9on, o.p.<br \/>\n Ev\u00eaque de Meaux<\/p>\n<p> <img decoding=\"async\" src=\"\/IMG\/jpg\/eveque-2.jpg\" width=150><\/p>\n<p> Service Dioc\u00e9sain des P\u00e8lerinages<br \/>\n 7 Rue Notre Dame 77334 MEAUX CEDEX<br \/>\n T\u00e9l: 01 64 36 51 64<br \/>\n Email : pelerinages@meaux.cef.fr<\/p>\n<p> Accueil<br \/>\n le lundi et jeudi de 9 h 00 \u00e0 12 h 30<br \/>\n le mercredi de 9 h 00 \u00e0 11 h 30<br \/>\n le mardi et vendredi de 13 h 15 \u00e0 17 h 15<\/p>\n<p> Dominique Garet, diacre permanent, directeur dioc\u00e9sain<br \/>\n P\u00e8re Gilloots, accompagnateur spirituel<br \/>\n Chantal Donze, Coordinatrice<\/p>\n<p> Le car\u00eame avec Marie<\/p>\n<p>PROGRAMME de cette journ\u00e9e du 5 mars 2011<\/p>\n<p> 7 h 30  : D\u00e9part de Fontainebleau<\/p>\n<p> 8 h 00 : Arr\u00eat \u00e0 Melun <\/p>\n<p> 8 h 45  : Arr\u00eat \u00e0 Meaux,<\/p>\n<p> 10 h 00  : Arriv\u00e9e \u00e0 Notre Dame de l&rsquo;Epine<\/p>\n<p> 10 h 15 : Conf\u00e9rence par le P\u00e8re Pierre Hublart,<br \/>\nRecteur de la Basilique, sur le th\u00e8me<br \/>\n\u00ab le Car\u00eame avec Marie \u00bb<\/p>\n<p> 11 h 15  : Sacrement de R\u00e9conciliation <\/p>\n<p> 12 h 30 : Repas tir\u00e9 du sac<\/p>\n<p> 14 h 00  : Visite de la Basilique avec guide<\/p>\n<p> 15 h 30 : Temps libre<\/p>\n<p> 16 h 30  : Messe<\/p>\n<p> 17 h 30 : D\u00e9part pour Meaux <\/p>\n<p> 18 h 45 : Arriv\u00e9e \u00e0 Meaux<\/p>\n<p> 19 h 30 : Arriv\u00e9e \u00e0 Melun<\/p>\n<p> 20 h 00 : Arriv\u00e9e \u00e0 Fontainebleau<br \/>\n <img decoding=\"async\" src=\"\/IMG\/jpg\/bulletin-inscription.jpg\" width=600><\/p>\n<p>Pour en savoir davantage sur la basilique de Notre Dame de l&rsquo;Epine, je vous invite \u00e0 consulter ce site:<br \/>\n<a href=\"http:\/\/www.telegraphe-chappe.com\/chappe\/strasb\/lepine\/lepine.html\" target=\"_blank\"><b><br \/>\nwww.telegraphe-chappe.com<\/a><\/b><\/p>\n","protected":false},"excerpt":{"rendered":"<p>Chers amis, Le p\u00e8lerinage est une image et un r\u00e9sum\u00e9 de la vie chr\u00e9tienne, une d\u00e9marche de foi o\u00f9 nous allons vers \u00abune partie meilleure \u00bb (He 11,16) o\u00f9 Dieu nous appelle. Nous quittons&#46;&#46;&#46;<\/p>\n","protected":false},"author":2,"featured_media":0,"comment_status":"open","ping_status":"open","sticky":false,"template":"","format":"standard","meta":{"footnotes":""},"categories":[],"tags":[],"class_list":["post-916","post","type-post","status-publish","format-standard","hentry"],"_links":{"self":[{"href":"http:\/\/www.chapelle-crecy.com\/index.php?rest_route=\/wp\/v2\/posts\/916","targetHints":{"allow":["GET"]}}],"collection":[{"href":"http:\/\/www.chapelle-crecy.com\/index.php?rest_route=\/wp\/v2\/posts"}],"about":[{"href":"http:\/\/www.chapelle-crecy.com\/index.php?rest_route=\/wp\/v2\/types\/post"}],"author":[{"embeddable":true,"href":"http:\/\/www.chapelle-crecy.com\/index.php?rest_route=\/wp\/v2\/users\/2"}],"replies":[{"embeddable":true,"href":"http:\/\/www.chapelle-crecy.com\/index.php?rest_route=%2Fwp%2Fv2%2Fcomments&post=916"}],"version-history":[{"count":0,"href":"http:\/\/www.chapelle-crecy.com\/index.php?rest_route=\/wp\/v2\/posts\/916\/revisions"}],"wp:attachment":[{"href":"http:\/\/www.chapelle-crecy.com\/index.php?rest_route=%2Fwp%2Fv2%2Fmedia&parent=916"}],"wp:term":[{"taxonomy":"category","embeddable":true,"href":"http:\/\/www.chapelle-crecy.com\/index.php?rest_route=%2Fwp%2Fv2%2Fcategories&post=916"},{"taxonomy":"post_tag","embeddable":true,"href":"http:\/\/www.chapelle-crecy.com\/index.php?rest_route=%2Fwp%2Fv2%2Ftags&post=916"}],"curies":[{"name":"wp","href":"https:\/\/api.w.org\/{rel}","templated":true}]}}