{"id":917,"date":"2011-03-12T09:49:56","date_gmt":"2011-03-12T09:49:56","guid":{"rendered":""},"modified":"-0001-11-30T00:00:00","modified_gmt":"-0001-11-29T22:00:00","slug":"","status":"publish","type":"post","link":"http:\/\/www.chapelle-crecy.com\/?p=917","title":{"rendered":"Revivez la messe t\u00e9l\u00e9vis\u00e9e du 1er dimanche de Car\u00eame au Verbe de Vie \u00e0\u00a0 Andecy sur www.lejourduseigneur.com"},"content":{"rendered":"<div align=\"justify\">Fond\u00e9e le 17 f\u00e9vrier 1986, la Communaut\u00e9 du Verbe de Vie fait partie des communaut\u00e9s nouvelles n\u00e9es en France dans le sillage du Renouveau Charismatique, ces cinquante derni\u00e8res ann\u00e9es.<br \/>\n Les 3 fondements essentiels de la communaut\u00e9 sont la pri\u00e8re de l&rsquo;Eglise, l&rsquo;Enseignement de l&rsquo;Eglise et la vie communautaire et fraternelle.<br \/>\n A l&rsquo;occasion des 25 ans du Verbe de Vie, l&rsquo;\u00e9mission du Jour du Seigneur sur France 2 retransmettra dimanche 13 mars \u00e0 10h45, la messe en direct d&rsquo;Andecy, en Champagne, dans la Marne.<\/p>\n<p>M\u00e9ditation du jour avec Jean-Paul II<\/p>\n<p> \u00ab\u00a0Convertissez-vous et croyez \u00e0 la Bonne Nouvelle\u00a0\u00bb (Evangile selon Saint Marc, 1,15)<\/p>\n<p> La n\u00e9cessit\u00e9 de conversion<br \/>\n Pendant le Car\u00eame, nous entendons souvent r\u00e9p\u00e9ter les mots \u00ab\u00a0pri\u00e8re\u00a0\u00bb, \u00ab\u00a0je\u00fbne\u00a0\u00bb, \u00ab\u00a0aum\u00f4ne\u00a0\u00bb. Nous y voyons habituellement de saintes et bonnes oeuvres que chaque chr\u00e9tien doit accomplir, surtout en Car\u00eame. C&rsquo;est juste mais incomplet: nous ne pouvons pas les consid\u00e9rer simplement comme des pratiques passag\u00e8res qui requi\u00e8rent seulement de nous quelque chose de momentan\u00e9 ou qui ne nous privent que momentan\u00e9ment de quelque chose. Mais par l\u00e0 nous n&rsquo;arriverons encore pas au vrai sens et \u00e0 la vraie force de la pri\u00e8re, du je\u00fbne et de l&rsquo;aum\u00f4ne dans le processus de la conversion \u00e0 Dieu et de notre maturation spirituelle. L&rsquo;une va de pair avec l&rsquo;autre: nous m\u00fbrissons spirituellement en nous convertissant \u00e0 Dieu, et la conversion s&rsquo;op\u00e8re par la pri\u00e8re, ainsi que par le je\u00fbne et l&rsquo;aum\u00f4ne bien compris.<\/p>\n<p> Le temps liturgique du Car\u00eame ne dure que quarante jours chaque ann\u00e9e, mais c&rsquo;est toujours que nous devons tendre \u00e0 Dieu. Cela veut dire qu&rsquo;il nous faut nous convertir continuellement. Le Car\u00eame doit laisser dans notre vie une marque profonde et ind\u00e9l\u00e9bile. Il doit r\u00e9nover en nous la conscience de notre union \u00e0 J\u00e9sus-Christ, qui nous fait voir la n\u00e9cessit\u00e9 de la conversion et nous indique les voies pour y parvenir.<\/p>\n<p> Audience g\u00e9n\u00e9rale du Pape Jean-Paul II du 14 mars 1979<\/p>\n<\/div>\n<p><\/p>\n<div align=\"center\"><img decoding=\"async\" src=\"\/IMG\/jpg\/verbe_25.jpg\" width=150\"><\/div>\n","protected":false},"excerpt":{"rendered":"<p>Fond\u00e9e le 17 f\u00e9vrier 1986, la Communaut\u00e9 du Verbe de Vie fait partie des communaut\u00e9s nouvelles n\u00e9es en France dans le sillage du Renouveau Charismatique, ces cinquante derni\u00e8res ann\u00e9es. Les 3 fondements essentiels de&#46;&#46;&#46;<\/p>\n","protected":false},"author":2,"featured_media":0,"comment_status":"open","ping_status":"open","sticky":false,"template":"","format":"standard","meta":{"footnotes":""},"categories":[],"tags":[],"class_list":["post-917","post","type-post","status-publish","format-standard","hentry"],"_links":{"self":[{"href":"http:\/\/www.chapelle-crecy.com\/index.php?rest_route=\/wp\/v2\/posts\/917","targetHints":{"allow":["GET"]}}],"collection":[{"href":"http:\/\/www.chapelle-crecy.com\/index.php?rest_route=\/wp\/v2\/posts"}],"about":[{"href":"http:\/\/www.chapelle-crecy.com\/index.php?rest_route=\/wp\/v2\/types\/post"}],"author":[{"embeddable":true,"href":"http:\/\/www.chapelle-crecy.com\/index.php?rest_route=\/wp\/v2\/users\/2"}],"replies":[{"embeddable":true,"href":"http:\/\/www.chapelle-crecy.com\/index.php?rest_route=%2Fwp%2Fv2%2Fcomments&post=917"}],"version-history":[{"count":0,"href":"http:\/\/www.chapelle-crecy.com\/index.php?rest_route=\/wp\/v2\/posts\/917\/revisions"}],"wp:attachment":[{"href":"http:\/\/www.chapelle-crecy.com\/index.php?rest_route=%2Fwp%2Fv2%2Fmedia&parent=917"}],"wp:term":[{"taxonomy":"category","embeddable":true,"href":"http:\/\/www.chapelle-crecy.com\/index.php?rest_route=%2Fwp%2Fv2%2Fcategories&post=917"},{"taxonomy":"post_tag","embeddable":true,"href":"http:\/\/www.chapelle-crecy.com\/index.php?rest_route=%2Fwp%2Fv2%2Ftags&post=917"}],"curies":[{"name":"wp","href":"https:\/\/api.w.org\/{rel}","templated":true}]}}