{"id":918,"date":"2011-03-14T12:09:38","date_gmt":"2011-03-14T12:09:38","guid":{"rendered":""},"modified":"-0001-11-30T00:00:00","modified_gmt":"-0001-11-29T22:00:00","slug":"","status":"publish","type":"post","link":"http:\/\/www.chapelle-crecy.com\/?p=918","title":{"rendered":"PROPOSITIONS pour le Car\u00eame 2011"},"content":{"rendered":"<p>Depuis mercredi dernier nous sommes entr\u00e9s dans cette longue marche vers P\u00e2ques : le car\u00eame.<\/p>\n<p> Pour nous aider \u00e0 nous convertir sur ce chemin, l&rsquo;Evangile du mercredi des cendres nous balisait la route qui passe par la pri\u00e8re, le je\u00fbne et l&rsquo;aum\u00f4ne.<\/p>\n<p> Pour notre secteur paroissial plusieurs propositions sont faites :<\/p>\n<p> 6 rencontres sur notre p\u00f4le de Meaux ; 6 rencontres pour partager, prier, d\u00e9couvrir, agir\u00e2\u20ac\u00a6<br \/>\n la premi\u00e8re a lieu ce soir \u00e0 l&rsquo;\u00e9glise St Jean Bosco \u00e0 Meaux-Beauval \u00e0 20h30.<\/p>\n<p>  Partager : L&rsquo;Equipe d\u00a0\u00bbAnimation Pastorale vous propose d\u00e9j\u00e0 un temps de partage et de convivialit\u00e9 entre nous pour mieux nous conna \u00eetre le samedi 26 mars \u00e0 20h \u00e0 la Salle Altmann de Cr\u00e9cy-la-Chapelle.<\/p>\n<p> Mais, pour partager et Agir : l&rsquo;Equipe d&rsquo;Animation Pastorale propose aussi \u00e0 notre communaut\u00e9 paroissiale dans son ensemble, depuis les enfants du cat\u00e9chisme et des mouvements jusqu&rsquo;aux adultes, une d\u00e9marche de partage \u00e0 l&rsquo;occasion du 50\u00e8me anniversaire de Comit\u00e9 Catholique contre la Faim et le D\u00e9veloppement. C&rsquo;est le dimanche 10 avril,  que nous serons donc invit\u00e9s \u00e0 partager avec les plus d\u00e9munis dans le cadre de l&rsquo;op\u00e9ration \u00ab Terre Solidaire \u00bb organis\u00e9e par le Comit\u00e9 Catholique contre la Faim et pour le D\u00e9veloppement.<\/p>\n<p> Nos efforts de car\u00eame, prendront alors tout leur sens envers ceux qui en ont beaucoup besoin, dans les parties les plus d\u00e9favoris\u00e9es du monde, au travers des r\u00e9alisations des enfants et de ce que nous pourrons soustraire \u00e0 notre superflu. <\/p>\n<p> Bien entendu, si la situation en Asie ou au Moyen-Orient, en raison des catastrophes naturelles ou humanitaires l&rsquo;imposait, nous serions tr\u00e8s attentifs \u00e0 r\u00e9pondre aux appels \u00e0 la mobilisation que les Ev\u00eaques de France nous proposeraient comme nous l&rsquo;avons \u00e9t\u00e9, l&rsquo;an dernier, \u00e0 l&rsquo;occasion de la situation dramatique en Ha\u00efti.<\/p>\n<p>L&rsquo;Equipe d&rsquo;Animation Pastorale vous remercie par avance de votre engagement et de votre mobilisation. <\/p>\n","protected":false},"excerpt":{"rendered":"<p>Depuis mercredi dernier nous sommes entr\u00e9s dans cette longue marche vers P\u00e2ques : le car\u00eame. Pour nous aider \u00e0 nous convertir sur ce chemin, l&rsquo;Evangile du mercredi des cendres nous balisait la route qui&#46;&#46;&#46;<\/p>\n","protected":false},"author":2,"featured_media":0,"comment_status":"open","ping_status":"open","sticky":false,"template":"","format":"standard","meta":{"footnotes":""},"categories":[],"tags":[],"class_list":["post-918","post","type-post","status-publish","format-standard","hentry"],"_links":{"self":[{"href":"http:\/\/www.chapelle-crecy.com\/index.php?rest_route=\/wp\/v2\/posts\/918","targetHints":{"allow":["GET"]}}],"collection":[{"href":"http:\/\/www.chapelle-crecy.com\/index.php?rest_route=\/wp\/v2\/posts"}],"about":[{"href":"http:\/\/www.chapelle-crecy.com\/index.php?rest_route=\/wp\/v2\/types\/post"}],"author":[{"embeddable":true,"href":"http:\/\/www.chapelle-crecy.com\/index.php?rest_route=\/wp\/v2\/users\/2"}],"replies":[{"embeddable":true,"href":"http:\/\/www.chapelle-crecy.com\/index.php?rest_route=%2Fwp%2Fv2%2Fcomments&post=918"}],"version-history":[{"count":0,"href":"http:\/\/www.chapelle-crecy.com\/index.php?rest_route=\/wp\/v2\/posts\/918\/revisions"}],"wp:attachment":[{"href":"http:\/\/www.chapelle-crecy.com\/index.php?rest_route=%2Fwp%2Fv2%2Fmedia&parent=918"}],"wp:term":[{"taxonomy":"category","embeddable":true,"href":"http:\/\/www.chapelle-crecy.com\/index.php?rest_route=%2Fwp%2Fv2%2Fcategories&post=918"},{"taxonomy":"post_tag","embeddable":true,"href":"http:\/\/www.chapelle-crecy.com\/index.php?rest_route=%2Fwp%2Fv2%2Ftags&post=918"}],"curies":[{"name":"wp","href":"https:\/\/api.w.org\/{rel}","templated":true}]}}