{"id":919,"date":"2011-03-15T11:58:28","date_gmt":"2011-03-15T11:58:28","guid":{"rendered":""},"modified":"-0001-11-30T00:00:00","modified_gmt":"-0001-11-29T22:00:00","slug":"","status":"publish","type":"post","link":"http:\/\/www.chapelle-crecy.com\/?p=919","title":{"rendered":"Invitation \u00e0\u00a0 la m\u00e9ditation de la Parole le 28 mars \u00e0\u00a0 La Houssaye"},"content":{"rendered":"<div align=\"center\">\u00ab Paroles de Bible \u00bb<\/p>\n<p> Les grands th\u00e8mes du Livre de la Gen\u00e8se<br \/>\n\u00e0 partir des r\u00e9cits des chapitres 5,6 et 11 de la Gen\u00e8se <\/p>\n<p> \u00e0 la Houssaye en Brie<\/p>\n<p> Lundi 28 mars 2011 de 9h30 \u00e0 16h00<\/p><\/div>\n<p> accueil caf\u00e9 de 9h00 \u00e0 9h30<\/p>\n<p> Merci de diffuser cette invitation aux personnes int\u00e9ress\u00e9es.<\/p>\n<p> Nous vous demandons de vous inscrire aupr\u00e8s du S.D.C. avant mardi 22 mars 2011<br \/>\n&#8211; Pour nous permettre de pr\u00e9voir un nombre de photocopies suffisant,<br \/>\n&#8211; Pour pr\u00e9voir le nombre de repas.<\/p>\n<p> A bient\u00f4t<\/p>\n<p> Jo\u00eblle et V\u00e9ronique<\/p>\n<p> Merci d&rsquo;envoyer votre inscription avant mardi 22 mars au Service Dioc\u00e9sain de la Cat\u00e9ch\u00e8se.<br \/>\n Prieur\u00e9 Saint Martin 149 rue Jodelle 77610 La Houssaye en Brie<br \/>\n tel : 01 64 07 46 48<br \/>\n e-mail : catechese@meaux.cef.fr<\/p>\n<div align=\"center\"><img decoding=\"async\" src=\"\/IMG\/jpg\/houssaye_bulletin.jpg\" width=450><\/div>\n<div align=\"center\"><img decoding=\"async\" src=\"\/IMG\/jpg\/babel1997.jpg\" width=450\"><\/div>\n","protected":false},"excerpt":{"rendered":"<p>\u00ab Paroles de Bible \u00bb Les grands th\u00e8mes du Livre de la Gen\u00e8se \u00e0 partir des r\u00e9cits des chapitres 5,6 et 11 de la Gen\u00e8se \u00e0 la Houssaye en Brie Lundi 28 mars 2011&#46;&#46;&#46;<\/p>\n","protected":false},"author":2,"featured_media":0,"comment_status":"open","ping_status":"open","sticky":false,"template":"","format":"standard","meta":{"footnotes":""},"categories":[],"tags":[],"class_list":["post-919","post","type-post","status-publish","format-standard","hentry"],"_links":{"self":[{"href":"http:\/\/www.chapelle-crecy.com\/index.php?rest_route=\/wp\/v2\/posts\/919","targetHints":{"allow":["GET"]}}],"collection":[{"href":"http:\/\/www.chapelle-crecy.com\/index.php?rest_route=\/wp\/v2\/posts"}],"about":[{"href":"http:\/\/www.chapelle-crecy.com\/index.php?rest_route=\/wp\/v2\/types\/post"}],"author":[{"embeddable":true,"href":"http:\/\/www.chapelle-crecy.com\/index.php?rest_route=\/wp\/v2\/users\/2"}],"replies":[{"embeddable":true,"href":"http:\/\/www.chapelle-crecy.com\/index.php?rest_route=%2Fwp%2Fv2%2Fcomments&post=919"}],"version-history":[{"count":0,"href":"http:\/\/www.chapelle-crecy.com\/index.php?rest_route=\/wp\/v2\/posts\/919\/revisions"}],"wp:attachment":[{"href":"http:\/\/www.chapelle-crecy.com\/index.php?rest_route=%2Fwp%2Fv2%2Fmedia&parent=919"}],"wp:term":[{"taxonomy":"category","embeddable":true,"href":"http:\/\/www.chapelle-crecy.com\/index.php?rest_route=%2Fwp%2Fv2%2Fcategories&post=919"},{"taxonomy":"post_tag","embeddable":true,"href":"http:\/\/www.chapelle-crecy.com\/index.php?rest_route=%2Fwp%2Fv2%2Ftags&post=919"}],"curies":[{"name":"wp","href":"https:\/\/api.w.org\/{rel}","templated":true}]}}