{"id":920,"date":"2011-03-16T00:00:00","date_gmt":"2011-03-16T00:00:00","guid":{"rendered":""},"modified":"-0001-11-30T00:00:00","modified_gmt":"-0001-11-29T22:00:00","slug":"","status":"publish","type":"post","link":"http:\/\/www.chapelle-crecy.com\/?p=920","title":{"rendered":"Actualit\u00e9 bio\u00e9thique \u00e0\u00a0 Meaux : Dr Mirabel 29 mars 2011 \u00e0\u00a0 20h30"},"content":{"rendered":"<p>A la veille de l&rsquo;examen du texte du projet de loi bio\u00e9thique au S\u00e9nat :<br \/>\n<\/p>\n<div align=\"center\">\nConf\u00e9rence-d\u00e9bat<\/p>\n<p>par le docteur Xavier Mirabel, pr\u00e9sident de l&rsquo;Alliance pour les Droits de la Vie<\/p>\n<p> Mardi 29 mars 2011<\/p>\n<p>\u00e0 20h30 \u00e0 la salle de spectacle du Lyc\u00e9e Bossuet \u00e0 Meaux.<\/p>\n<div align=\"center\"><img decoding=\"async\" src=\"\/IMG\/bioethique\/Xavier_Mirabel.jpg\" width=300><br \/>Xavier Mirabel<\/div>\n<\/div>\n<div align=\"justify\">Assistance m\u00e9dicale \u00e0 la procr\u00e9ation, don de gam\u00e8tes, annonce du handicap, m\u00e8res porteuses, diagnostic pr\u00e9implantatoire, b\u00e9b\u00e9 m\u00e9dicament\u00e2\u20ac\u00a6<\/p>\n<p>Autant de r\u00e9alit\u00e9s pour lesquelles la m\u00e9decine semble proposer des solutions toujours plus performantes d&rsquo;un point de vue technique. La biom\u00e9decine a d\u00e9j\u00e0 chang\u00e9 les rep\u00e8res de la procr\u00e9ation, de la filiation et de la recherche m\u00e9dicale.<\/p>\n<p>&#8211; Comment intervient l&rsquo;\u00e9thique sur ces sujets cruciaux ?<br \/>\n&#8211; Jusqu&rsquo;o\u00f9 peut-on aller en m\u00e9decine ?<br \/>\n&#8211; Faut-il autoriser tout ce qui est techniquement possible ?<br \/>\n La r\u00e9vision de la loi de bio\u00e9thique est en cours.<\/p>\n<p> Tout public<\/p>\n<p> Libre participation aux frais<br \/>\n<br \/> \n<\/div>\n<div align=\"center\"><img decoding=\"async\" src=\"\/IMG\/jpg\/tract_meaux.jpg\" width=450\"><\/div>\n<p> <\/p>\n","protected":false},"excerpt":{"rendered":"<p>A la veille de l&rsquo;examen du texte du projet de loi bio\u00e9thique au S\u00e9nat : Conf\u00e9rence-d\u00e9bat par le docteur Xavier Mirabel, pr\u00e9sident de l&rsquo;Alliance pour les Droits de la Vie Mardi 29 mars 2011&#46;&#46;&#46;<\/p>\n","protected":false},"author":2,"featured_media":0,"comment_status":"open","ping_status":"open","sticky":false,"template":"","format":"standard","meta":{"footnotes":""},"categories":[],"tags":[],"class_list":["post-920","post","type-post","status-publish","format-standard","hentry"],"_links":{"self":[{"href":"http:\/\/www.chapelle-crecy.com\/index.php?rest_route=\/wp\/v2\/posts\/920","targetHints":{"allow":["GET"]}}],"collection":[{"href":"http:\/\/www.chapelle-crecy.com\/index.php?rest_route=\/wp\/v2\/posts"}],"about":[{"href":"http:\/\/www.chapelle-crecy.com\/index.php?rest_route=\/wp\/v2\/types\/post"}],"author":[{"embeddable":true,"href":"http:\/\/www.chapelle-crecy.com\/index.php?rest_route=\/wp\/v2\/users\/2"}],"replies":[{"embeddable":true,"href":"http:\/\/www.chapelle-crecy.com\/index.php?rest_route=%2Fwp%2Fv2%2Fcomments&post=920"}],"version-history":[{"count":0,"href":"http:\/\/www.chapelle-crecy.com\/index.php?rest_route=\/wp\/v2\/posts\/920\/revisions"}],"wp:attachment":[{"href":"http:\/\/www.chapelle-crecy.com\/index.php?rest_route=%2Fwp%2Fv2%2Fmedia&parent=920"}],"wp:term":[{"taxonomy":"category","embeddable":true,"href":"http:\/\/www.chapelle-crecy.com\/index.php?rest_route=%2Fwp%2Fv2%2Fcategories&post=920"},{"taxonomy":"post_tag","embeddable":true,"href":"http:\/\/www.chapelle-crecy.com\/index.php?rest_route=%2Fwp%2Fv2%2Ftags&post=920"}],"curies":[{"name":"wp","href":"https:\/\/api.w.org\/{rel}","templated":true}]}}