{"id":921,"date":"2011-04-30T00:00:00","date_gmt":"2011-04-30T00:00:00","guid":{"rendered":""},"modified":"-0001-11-30T00:00:00","modified_gmt":"-0001-11-29T22:00:00","slug":"","status":"publish","type":"post","link":"http:\/\/www.chapelle-crecy.com\/?p=921","title":{"rendered":"Veill\u00e9e Ephata en l&rsquo;\u00e9glise St Nicolas de Meaux le 7 mai 2011 \u00e0\u00a0 20h30"},"content":{"rendered":"<div align=\"center\"><img decoding=\"async\" src=\"\/IMG\/jpg\/ephata-meaux.jpg\" width=550><\/p>\n<p>VENEZ VIVRE LA MISERICORDE DE DIEU !<\/p>\n<p>Plusieurs pr\u00eatres seront pr\u00e9sents pour donner le pardon de J\u00e9sus. <\/p>\n<p>Venez nombreux !!!<\/p>\n<p> Veuillez noter que cette veill\u00e9e sera anim\u00e9e par le groupe Ephata !\n<\/p><\/div>\n<div align=\"center\"><img decoding=\"async\" src=\"\/IMG\/jpg\/ephata-2.jpg\" width=550><br \/>\n Le groupe Ephata en pleine r\u00e9p\u00e9tition<\/p>\n<p> Contact: Jos\u00e9 DA SILVA:<br \/>\n email: jomandas@hotmail.com\n <\/p><\/div>\n","protected":false},"excerpt":{"rendered":"<p>VENEZ VIVRE LA MISERICORDE DE DIEU ! Plusieurs pr\u00eatres seront pr\u00e9sents pour donner le pardon de J\u00e9sus. Venez nombreux !!! Veuillez noter que cette veill\u00e9e sera anim\u00e9e par le groupe Ephata ! Le groupe&#46;&#46;&#46;<\/p>\n","protected":false},"author":2,"featured_media":0,"comment_status":"open","ping_status":"open","sticky":false,"template":"","format":"standard","meta":{"footnotes":""},"categories":[],"tags":[],"class_list":["post-921","post","type-post","status-publish","format-standard","hentry"],"_links":{"self":[{"href":"http:\/\/www.chapelle-crecy.com\/index.php?rest_route=\/wp\/v2\/posts\/921","targetHints":{"allow":["GET"]}}],"collection":[{"href":"http:\/\/www.chapelle-crecy.com\/index.php?rest_route=\/wp\/v2\/posts"}],"about":[{"href":"http:\/\/www.chapelle-crecy.com\/index.php?rest_route=\/wp\/v2\/types\/post"}],"author":[{"embeddable":true,"href":"http:\/\/www.chapelle-crecy.com\/index.php?rest_route=\/wp\/v2\/users\/2"}],"replies":[{"embeddable":true,"href":"http:\/\/www.chapelle-crecy.com\/index.php?rest_route=%2Fwp%2Fv2%2Fcomments&post=921"}],"version-history":[{"count":0,"href":"http:\/\/www.chapelle-crecy.com\/index.php?rest_route=\/wp\/v2\/posts\/921\/revisions"}],"wp:attachment":[{"href":"http:\/\/www.chapelle-crecy.com\/index.php?rest_route=%2Fwp%2Fv2%2Fmedia&parent=921"}],"wp:term":[{"taxonomy":"category","embeddable":true,"href":"http:\/\/www.chapelle-crecy.com\/index.php?rest_route=%2Fwp%2Fv2%2Fcategories&post=921"},{"taxonomy":"post_tag","embeddable":true,"href":"http:\/\/www.chapelle-crecy.com\/index.php?rest_route=%2Fwp%2Fv2%2Ftags&post=921"}],"curies":[{"name":"wp","href":"https:\/\/api.w.org\/{rel}","templated":true}]}}