{"id":922,"date":"2011-05-19T00:00:00","date_gmt":"2011-05-19T00:00:00","guid":{"rendered":""},"modified":"-0001-11-30T00:00:00","modified_gmt":"-0001-11-29T22:00:00","slug":"","status":"publish","type":"post","link":"http:\/\/www.chapelle-crecy.com\/?p=922","title":{"rendered":"Concert \u00e0\u00a0 la coll\u00e9giale le 28 mai"},"content":{"rendered":"<p>L&rsquo;association [Amiti\u00e9 Brie B\u00e9nin->http:\/\/www.amitie-brie-benin.com\/] organise un concert le samedi 28 mai 2011 \u00e0 la coll\u00e9giale de la Chapelle. Avec le groupe Anguelos.<\/p>\n<p>Entr\u00e9e 15 euros pour les adultes et 10 euros pour les moins de 18 ans et \u00e9tudiants.<\/p>\n<p>Billets en vente \u00e0 l&rsquo;accueil de la mairie de Cr\u00e9cy-la-Chapelle.<\/p>\n<p>Nous vous invitons \u00e0 assister \u00e0 ce concert dont les b\u00e9n\u00e9fices seront int\u00e9gralement vers\u00e9s au B\u00e9nin.<\/p>\n<p>Les projets en 2011 et 2012 : deux bassins de pisciculture, l&rsquo;agrandissement de la porcherie  en vue des naissances, la plantation d&rsquo;arbres fruitiers, la formation de plusieurs personnes, l&rsquo;\u00e9lectrification de la ferme, la construction d&rsquo;une lapinerie, d&rsquo;un ch\u00e2teau d&rsquo;eau\u00e2\u20ac\u00a6<\/p>\n<p>L&rsquo;objectif est d&rsquo;aider \u00e0 faire vivre plusieurs familles, mais aussi de participer au d\u00e9veloppement local en embauchant des jeunes et en les initiant aux diff\u00e9rentes techniques qui peuvent faire \u00e9voluer les pratiques coutumi\u00e8res.<\/p>\n<p>Pour que ce projet puisse durer, pour permettre \u00e0 la ferme de Tori de se d\u00e9velopper et d&rsquo;\u00eatre un exemple pour les villageois de la r\u00e9gion, l&rsquo;association a besoin de nous.<\/p>\n<p>Venez nombreux \u00e0 ce concert du 28 mai.<\/p>\n<p>Qui plus est, ce sera un tr\u00e8s beau concert !<\/p>\n<div align=\"center\"><img decoding=\"async\" src=\"\/IMG\/jpg\/concert_mai2011.jpg\" width=450><\/div>\n","protected":false},"excerpt":{"rendered":"<p>L&rsquo;association [Amiti\u00e9 Brie B\u00e9nin->http:\/\/www.amitie-brie-benin.com\/] organise un concert le samedi 28 mai 2011 \u00e0 la coll\u00e9giale de la Chapelle. Avec le groupe Anguelos. Entr\u00e9e 15 euros pour les adultes et 10 euros pour les moins&#46;&#46;&#46;<\/p>\n","protected":false},"author":2,"featured_media":0,"comment_status":"open","ping_status":"open","sticky":false,"template":"","format":"standard","meta":{"footnotes":""},"categories":[],"tags":[],"class_list":["post-922","post","type-post","status-publish","format-standard","hentry"],"_links":{"self":[{"href":"http:\/\/www.chapelle-crecy.com\/index.php?rest_route=\/wp\/v2\/posts\/922","targetHints":{"allow":["GET"]}}],"collection":[{"href":"http:\/\/www.chapelle-crecy.com\/index.php?rest_route=\/wp\/v2\/posts"}],"about":[{"href":"http:\/\/www.chapelle-crecy.com\/index.php?rest_route=\/wp\/v2\/types\/post"}],"author":[{"embeddable":true,"href":"http:\/\/www.chapelle-crecy.com\/index.php?rest_route=\/wp\/v2\/users\/2"}],"replies":[{"embeddable":true,"href":"http:\/\/www.chapelle-crecy.com\/index.php?rest_route=%2Fwp%2Fv2%2Fcomments&post=922"}],"version-history":[{"count":0,"href":"http:\/\/www.chapelle-crecy.com\/index.php?rest_route=\/wp\/v2\/posts\/922\/revisions"}],"wp:attachment":[{"href":"http:\/\/www.chapelle-crecy.com\/index.php?rest_route=%2Fwp%2Fv2%2Fmedia&parent=922"}],"wp:term":[{"taxonomy":"category","embeddable":true,"href":"http:\/\/www.chapelle-crecy.com\/index.php?rest_route=%2Fwp%2Fv2%2Fcategories&post=922"},{"taxonomy":"post_tag","embeddable":true,"href":"http:\/\/www.chapelle-crecy.com\/index.php?rest_route=%2Fwp%2Fv2%2Ftags&post=922"}],"curies":[{"name":"wp","href":"https:\/\/api.w.org\/{rel}","templated":true}]}}