{"id":923,"date":"2011-05-29T00:00:00","date_gmt":"2011-05-29T00:00:00","guid":{"rendered":""},"modified":"-0001-11-30T00:00:00","modified_gmt":"-0001-11-29T22:00:00","slug":"","status":"publish","type":"post","link":"http:\/\/www.chapelle-crecy.com\/?p=923","title":{"rendered":"Cycle de l&rsquo;effusion de l&rsquo;Esprit: 5 soir\u00e9es d&rsquo;exception \u00e0\u00a0 Cr\u00e9cy-la-Chapelle"},"content":{"rendered":"<div align=\"center\"><img decoding=\"async\" src=\"\/IMG\/png\/effusion-2.png\" width=450><br \/>\n renseignements: redaction@chapelle-crecy.com<\/div>\n<p> Le Cycle d&rsquo;effusion de l&rsquo;Esprit Saint est un temps de retraite, propos\u00e9e par la maison de l&rsquo;alliance (fraternit\u00e9 qui d\u00e9pend du VERBE DE VIE : communaut\u00e9 catholique) \u00e0 vivre en paroisse.<br \/>\n Cette d\u00e9marche a pris une dimension de p\u00f4le, en lien avec le p\u00e8re Philippe Legrand, cur\u00e9 du p\u00f4le missionnaire de Meaux.<\/p>\n<p> Ce cycle se d\u00e9roule sur 5 soir\u00e9es ouvertes \u00e0 tous.<br \/>\n L&rsquo;objectif \u00e9tant:<br \/>\n 1- d&rsquo;\u00eatre renouvel\u00e9 dans les gr\u00e2ces re\u00e7ues au bapt\u00eame et \u00e0 la confirmation<br \/>\n 2- de d\u00e9couvrir la vie \u00e0 la suite du Christ pour vivre un nouvel \u00e9lan dans la foi.<\/p>\n<p> Ce cycle se d\u00e9roule les Lundis 30 Mai, 6 &#8211; 13 &#8211;  20  et 27 Juin 2011 de 20h30 \u00e0 22h.<\/p>\n<p> Au cours de chaque soir\u00e9e, il y aura :<br \/>\n * un temps de louange,<br \/>\n * un enseignement (avec un th\u00e8me particulier pour chaque soir\u00e9e, mais l\u00e0 nous vous faisons des surprises, il faut venir pour les d\u00e9couvrir),<br \/>\n * un t\u00e9moignage,<br \/>\n * une petite d\u00e9marche \u00e0 faire (ex : d\u00e9poser bougie au pied de la croix, sacrement de r\u00e9conciliation&#8230;&#8230;) <\/p>\n<p> L&rsquo;Esprit Saint r\u00e9serve des surprises :<br \/>\n                          \u00ab Venez et Voyez \u00bb<\/p>\n","protected":false},"excerpt":{"rendered":"<p>renseignements: redaction@chapelle-crecy.com Le Cycle d&rsquo;effusion de l&rsquo;Esprit Saint est un temps de retraite, propos\u00e9e par la maison de l&rsquo;alliance (fraternit\u00e9 qui d\u00e9pend du VERBE DE VIE : communaut\u00e9 catholique) \u00e0 vivre en paroisse. Cette&#46;&#46;&#46;<\/p>\n","protected":false},"author":2,"featured_media":0,"comment_status":"open","ping_status":"open","sticky":false,"template":"","format":"standard","meta":{"footnotes":""},"categories":[],"tags":[],"class_list":["post-923","post","type-post","status-publish","format-standard","hentry"],"_links":{"self":[{"href":"http:\/\/www.chapelle-crecy.com\/index.php?rest_route=\/wp\/v2\/posts\/923","targetHints":{"allow":["GET"]}}],"collection":[{"href":"http:\/\/www.chapelle-crecy.com\/index.php?rest_route=\/wp\/v2\/posts"}],"about":[{"href":"http:\/\/www.chapelle-crecy.com\/index.php?rest_route=\/wp\/v2\/types\/post"}],"author":[{"embeddable":true,"href":"http:\/\/www.chapelle-crecy.com\/index.php?rest_route=\/wp\/v2\/users\/2"}],"replies":[{"embeddable":true,"href":"http:\/\/www.chapelle-crecy.com\/index.php?rest_route=%2Fwp%2Fv2%2Fcomments&post=923"}],"version-history":[{"count":0,"href":"http:\/\/www.chapelle-crecy.com\/index.php?rest_route=\/wp\/v2\/posts\/923\/revisions"}],"wp:attachment":[{"href":"http:\/\/www.chapelle-crecy.com\/index.php?rest_route=%2Fwp%2Fv2%2Fmedia&parent=923"}],"wp:term":[{"taxonomy":"category","embeddable":true,"href":"http:\/\/www.chapelle-crecy.com\/index.php?rest_route=%2Fwp%2Fv2%2Fcategories&post=923"},{"taxonomy":"post_tag","embeddable":true,"href":"http:\/\/www.chapelle-crecy.com\/index.php?rest_route=%2Fwp%2Fv2%2Ftags&post=923"}],"curies":[{"name":"wp","href":"https:\/\/api.w.org\/{rel}","templated":true}]}}