{"id":924,"date":"2011-10-06T22:06:50","date_gmt":"2011-10-06T22:06:50","guid":{"rendered":""},"modified":"-0001-11-30T00:00:00","modified_gmt":"-0001-11-29T22:00:00","slug":"","status":"publish","type":"post","link":"http:\/\/www.chapelle-crecy.com\/?p=924","title":{"rendered":"Tourn\u00e9e du P\u00e8re Guy Gilbert en Seine-et-Marne"},"content":{"rendered":"<div align=\"center\"><img decoding=\"async\" src=\"\/IMG\/jpg\/guy.gilbert.jpg\" width=450><\/div>\n<div align=\"center\">*********************************************************<\/div>\n<p>A tous les parents d&rsquo;\u00e9l\u00e8ves, enseignants et personnel OGEC du lyc\u00e9e Bossuet et de l&rsquo;\u00e9cole Sainte Genevi\u00e8ve.<\/p>\n<p> \u00ab\u00a0Face \u00e0 la domination des jeunes: comment vivre l&rsquo;autorit\u00e9?\u00a0\u00bb<\/p>\n<p> INVITATION<\/p>\n<p> Conf\u00e9rence anim\u00e9e par le P\u00e8re Guy Gilbert<\/p>\n<p> Jeudi 20 octobre de 20h30 \u00e0 22h30<br \/>\n en salle de spectacle du lyc\u00e9e Bossuet<\/p>\n<p> Nous comptons sur votre pr\u00e9sence, que vous voudrez bien nous<br \/>\n confirmer par mail: lycee.bossuet@ecm-meaux.fr<\/p>\n","protected":false},"excerpt":{"rendered":"<p>********************************************************* A tous les parents d&rsquo;\u00e9l\u00e8ves, enseignants et personnel OGEC du lyc\u00e9e Bossuet et de l&rsquo;\u00e9cole Sainte Genevi\u00e8ve. \u00ab\u00a0Face \u00e0 la domination des jeunes: comment vivre l&rsquo;autorit\u00e9?\u00a0\u00bb INVITATION Conf\u00e9rence anim\u00e9e par le P\u00e8re Guy&#46;&#46;&#46;<\/p>\n","protected":false},"author":2,"featured_media":0,"comment_status":"open","ping_status":"open","sticky":false,"template":"","format":"standard","meta":{"footnotes":""},"categories":[],"tags":[],"class_list":["post-924","post","type-post","status-publish","format-standard","hentry"],"_links":{"self":[{"href":"http:\/\/www.chapelle-crecy.com\/index.php?rest_route=\/wp\/v2\/posts\/924","targetHints":{"allow":["GET"]}}],"collection":[{"href":"http:\/\/www.chapelle-crecy.com\/index.php?rest_route=\/wp\/v2\/posts"}],"about":[{"href":"http:\/\/www.chapelle-crecy.com\/index.php?rest_route=\/wp\/v2\/types\/post"}],"author":[{"embeddable":true,"href":"http:\/\/www.chapelle-crecy.com\/index.php?rest_route=\/wp\/v2\/users\/2"}],"replies":[{"embeddable":true,"href":"http:\/\/www.chapelle-crecy.com\/index.php?rest_route=%2Fwp%2Fv2%2Fcomments&post=924"}],"version-history":[{"count":0,"href":"http:\/\/www.chapelle-crecy.com\/index.php?rest_route=\/wp\/v2\/posts\/924\/revisions"}],"wp:attachment":[{"href":"http:\/\/www.chapelle-crecy.com\/index.php?rest_route=%2Fwp%2Fv2%2Fmedia&parent=924"}],"wp:term":[{"taxonomy":"category","embeddable":true,"href":"http:\/\/www.chapelle-crecy.com\/index.php?rest_route=%2Fwp%2Fv2%2Fcategories&post=924"},{"taxonomy":"post_tag","embeddable":true,"href":"http:\/\/www.chapelle-crecy.com\/index.php?rest_route=%2Fwp%2Fv2%2Ftags&post=924"}],"curies":[{"name":"wp","href":"https:\/\/api.w.org\/{rel}","templated":true}]}}