{"id":925,"date":"2012-04-25T00:00:00","date_gmt":"2012-04-25T00:00:00","guid":{"rendered":""},"modified":"-0001-11-30T00:00:00","modified_gmt":"-0001-11-29T22:00:00","slug":"","status":"publish","type":"post","link":"http:\/\/www.chapelle-crecy.com\/?p=925","title":{"rendered":"Laudatio la der des der !"},"content":{"rendered":"<p>Bonjour \u00e0 tous,<br \/>\nLes soir\u00e9es Laudatio reprennent !<\/p>\n<p>Attention, nouvelle formule : Elles auront lieu le samedi soir (et non plus le dimanche), \u00e0 l&rsquo;\u00e9glise St Nicolas.<\/p>\n<p>Les horaires ont aussi chang\u00e9:<br \/>\nNous animerons d\u00e9sormais un temps de louange et d&rsquo;adoration de 17h30 \u00e0 1815, puis la messe de 18h30 \u00e0 19h30.<\/p>\n<p>Voici l&rsquo;affiche avec les dates de cette nouvelle ann\u00e9e scolaire \u00e0 diffuser le plus largement possible autour de vous:<\/p>\n<div align=\"center\"><img decoding=\"async\" src=\"\/IMG\/jpg\/Nouveau_Laudatio.jpg\" width=350\"><\/div>\n<p>\nSi vous avez des questions, n&rsquo;h\u00e9sitez pas \u00e0 nous contacter par mail<br \/>\n( laudatiomeaux@hotmail.fr ) ou sur la page facebook de Laudatio.<\/p>\n<p>N&rsquo;h\u00e9sitez pas \u00e0 en parler autour de vous !<br \/>\nS\u00e9raphin et Augustin de Fombelle<\/p>\n","protected":false},"excerpt":{"rendered":"<p>Bonjour \u00e0 tous, Les soir\u00e9es Laudatio reprennent ! Attention, nouvelle formule : Elles auront lieu le samedi soir (et non plus le dimanche), \u00e0 l&rsquo;\u00e9glise St Nicolas. Les horaires ont aussi chang\u00e9: Nous animerons&#46;&#46;&#46;<\/p>\n","protected":false},"author":2,"featured_media":0,"comment_status":"open","ping_status":"open","sticky":false,"template":"","format":"standard","meta":{"footnotes":""},"categories":[],"tags":[],"class_list":["post-925","post","type-post","status-publish","format-standard","hentry"],"_links":{"self":[{"href":"http:\/\/www.chapelle-crecy.com\/index.php?rest_route=\/wp\/v2\/posts\/925","targetHints":{"allow":["GET"]}}],"collection":[{"href":"http:\/\/www.chapelle-crecy.com\/index.php?rest_route=\/wp\/v2\/posts"}],"about":[{"href":"http:\/\/www.chapelle-crecy.com\/index.php?rest_route=\/wp\/v2\/types\/post"}],"author":[{"embeddable":true,"href":"http:\/\/www.chapelle-crecy.com\/index.php?rest_route=\/wp\/v2\/users\/2"}],"replies":[{"embeddable":true,"href":"http:\/\/www.chapelle-crecy.com\/index.php?rest_route=%2Fwp%2Fv2%2Fcomments&post=925"}],"version-history":[{"count":0,"href":"http:\/\/www.chapelle-crecy.com\/index.php?rest_route=\/wp\/v2\/posts\/925\/revisions"}],"wp:attachment":[{"href":"http:\/\/www.chapelle-crecy.com\/index.php?rest_route=%2Fwp%2Fv2%2Fmedia&parent=925"}],"wp:term":[{"taxonomy":"category","embeddable":true,"href":"http:\/\/www.chapelle-crecy.com\/index.php?rest_route=%2Fwp%2Fv2%2Fcategories&post=925"},{"taxonomy":"post_tag","embeddable":true,"href":"http:\/\/www.chapelle-crecy.com\/index.php?rest_route=%2Fwp%2Fv2%2Ftags&post=925"}],"curies":[{"name":"wp","href":"https:\/\/api.w.org\/{rel}","templated":true}]}}