{"id":927,"date":"2012-02-11T18:28:27","date_gmt":"2012-02-11T18:28:27","guid":{"rendered":""},"modified":"-0001-11-30T00:00:00","modified_gmt":"-0001-11-29T22:00:00","slug":"","status":"publish","type":"post","link":"http:\/\/www.chapelle-crecy.com\/?p=927","title":{"rendered":"Un nouvel \u00e9v\u00eaque est nomm\u00e9 \u00e0\u00a0 Lourdes"},"content":{"rendered":"<p>Mgr Nicolas BROUWET nomm\u00e9 \u00e9v\u00eaque de Tarbes et Lourdes<br \/>\n <\/p>\n<div align=\"center\"><img decoding=\"async\" src=\"\/IMG\/jpg\/MgrNicolas.jpg\" ><br \/>Mgr Nicolas BROUWET<\/div>\n<p> En ce samedi 11 f\u00e9vrier 2012, f\u00eate de Notre-Dame de Lourdes, le Pape Beno \u00eet XVI, ayant accept\u00e9 la d\u00e9mission de Mgr Jacques PERRIER, a nomm\u00e9 \u00e9v\u00eaque de Tarbes et Lourdes, Mgr Nicolas BROUWET, jusqu&rsquo;\u00e0 pr\u00e9sent \u00e9v\u00eaque auxiliaire de Nanterre.<\/p>\n<p> Vous trouverez sa biographie ci-dessous.<\/p>\n<p>Mgr Jacques PERRIER est nomm\u00e9 Administrateur apostolique jusqu&rsquo;\u00e0 la prise de possession canonique par son successeur, qui aura lieu le dimanche 25 mars 2012 \u00e0 15h dans les sanctuaires de Lourdes.<\/p>\n<p>Mgr Nicolas BROUWET<br \/>\n \u00e9v\u00eaque de Tarbes et Lourdes<\/p>\n<p>&#8211; N\u00e9 le 31 ao\u00fbt 1962 \u00e0 Suresnes (Hauts-de-Seine).<br \/>\n&#8211; Ordonn\u00e9 pr\u00eatre le 27 juin 1992 pour le dioc\u00e8se de Nanterre.<br \/>\n&#8211; Nomm\u00e9 \u00e9v\u00eaque le 11 avril 2008.<br \/>\n&#8211; Consacr\u00e9 \u00e9v\u00eaque le 29 juin 2008.<\/p>\n<p>Etudes :<br \/>\n&#8211; Etudes sup\u00e9rieures d&rsquo;histoire \u00e0 la Sorbonne.<br \/>\n&#8211; S\u00e9minaire fran\u00e7ais de Rome (1984-1993).<br \/>\n&#8211; Coop\u00e9ration avec la DCC (D\u00e9l\u00e9gation catholique \u00e0 la coop\u00e9ration) comme enseignant au s\u00e9minaire de Beit Jala (J\u00e9rusalem).<\/p>\n<p>Dipl\u00f4mes :<br \/>\n&#8211; Ma \u00eetrise d&rsquo;histoire.<br \/>\n&#8211; Bac de th\u00e9ologie de l&rsquo;Universit\u00e9 gr\u00e9gorienne.<br \/>\n&#8211; Licence de th\u00e9ologie du mariage et de la famille (Universit\u00e9 du Latran).<\/p>\n<p>Minist\u00e8res :<br \/>\n&#8211; 1993-1999 : Vicaire et responsable de l&rsquo;aum\u00f4nerie de l&rsquo;Enseignement public \u00e0 Saint-Gilles de Bourg-la-Reine, aum\u00f4nier du Centre universitaire de Sceaux.<br \/>\n&#8211; 1999-2006 : Cur\u00e9 des paroisses Saint-Romain et Notre-Dame-des-Bruy\u00e8res \u00e0 S\u00e8vres.<br \/>\n&#8211; 2001-2006 : Doyen de Chaville-S\u00e8vres-Ville d&rsquo;Avray.<br \/>\n&#8211; 2003-2008 : D\u00e9l\u00e9gu\u00e9 dioc\u00e9sain \u00e0 l&rsquo;accompagnement des s\u00e9minaristes.<br \/>\n&#8211; 2006-2008 : Cur\u00e9 des paroisses Saint-Pierre et Saint-Jacques de Neuilly-sur-Seine et pr\u00eatre accompagnateur de l&rsquo;aum\u00f4nerie de l&rsquo;Enseignement public de Neuilly.<br \/>\n&#8211; Depuis avril 2008 : Ev\u00eaque auxiliaire de Nanterre.<br \/>\n&#8211; Depuis avril 2011 : Pr\u00e9sident du groupe de travail \u00ab  Eglise et internet \u00bb.<br \/>\n&#8211; Depuis novembre 2011 : Membre du Conseil pour les mouvements et associations de fid\u00e8les.<\/p>\n","protected":false},"excerpt":{"rendered":"<p>Mgr Nicolas BROUWET nomm\u00e9 \u00e9v\u00eaque de Tarbes et Lourdes Mgr Nicolas BROUWET En ce samedi 11 f\u00e9vrier 2012, f\u00eate de Notre-Dame de Lourdes, le Pape Beno \u00eet XVI, ayant accept\u00e9 la d\u00e9mission de Mgr&#46;&#46;&#46;<\/p>\n","protected":false},"author":2,"featured_media":0,"comment_status":"open","ping_status":"open","sticky":false,"template":"","format":"standard","meta":{"footnotes":""},"categories":[],"tags":[],"class_list":["post-927","post","type-post","status-publish","format-standard","hentry"],"_links":{"self":[{"href":"http:\/\/www.chapelle-crecy.com\/index.php?rest_route=\/wp\/v2\/posts\/927","targetHints":{"allow":["GET"]}}],"collection":[{"href":"http:\/\/www.chapelle-crecy.com\/index.php?rest_route=\/wp\/v2\/posts"}],"about":[{"href":"http:\/\/www.chapelle-crecy.com\/index.php?rest_route=\/wp\/v2\/types\/post"}],"author":[{"embeddable":true,"href":"http:\/\/www.chapelle-crecy.com\/index.php?rest_route=\/wp\/v2\/users\/2"}],"replies":[{"embeddable":true,"href":"http:\/\/www.chapelle-crecy.com\/index.php?rest_route=%2Fwp%2Fv2%2Fcomments&post=927"}],"version-history":[{"count":0,"href":"http:\/\/www.chapelle-crecy.com\/index.php?rest_route=\/wp\/v2\/posts\/927\/revisions"}],"wp:attachment":[{"href":"http:\/\/www.chapelle-crecy.com\/index.php?rest_route=%2Fwp%2Fv2%2Fmedia&parent=927"}],"wp:term":[{"taxonomy":"category","embeddable":true,"href":"http:\/\/www.chapelle-crecy.com\/index.php?rest_route=%2Fwp%2Fv2%2Fcategories&post=927"},{"taxonomy":"post_tag","embeddable":true,"href":"http:\/\/www.chapelle-crecy.com\/index.php?rest_route=%2Fwp%2Fv2%2Ftags&post=927"}],"curies":[{"name":"wp","href":"https:\/\/api.w.org\/{rel}","templated":true}]}}