{"id":928,"date":"2012-03-21T09:03:50","date_gmt":"2012-03-21T09:03:50","guid":{"rendered":""},"modified":"-0001-11-30T00:00:00","modified_gmt":"-0001-11-29T22:00:00","slug":"","status":"publish","type":"post","link":"http:\/\/www.chapelle-crecy.com\/?p=928","title":{"rendered":"Concert \u00e0\u00a0 la Coll\u00e9giale  le dimanche 29 avril 2012 \u00e0\u00a0 16h00"},"content":{"rendered":"<p>Le dimanche 29 avril \u00e0 16h, l&rsquo;Association L&rsquo;Entr&rsquo;Aide organise un concert dans la Coll\u00e9giale de Cr\u00e9cy-la-Chapelle, en faveur de l&rsquo;association<br \/>\n \u00ab Une Etoile\u00e2\u20ac\u00a6 Un Soleil \u00bb,<br \/>\n dont la vocation a pour but de soutenir les parents d&rsquo;enfants atteints<br \/>\nde maladies mitochondriales, par l&rsquo;achat de mat\u00e9riels adapt\u00e9s \u00e0 leur infirmit\u00e9.<br \/>\n Avec la participation de la classe d&rsquo;orchestre de l&rsquo;\u00e9cole de musique<br \/>\nde Mareuil, sous la direction de Jean Culis et de Joelle Balestier,<br \/>\nsoprano, professeur de chant accompagn\u00e9e de ses \u00e9l\u00e8ves.<br \/>\n Nous vous attendons nombreux !<br \/>\n Retrouvez l&rsquo;article complet concernant l&rsquo;action de cette association l&rsquo;Entraide dans le prochain num\u00e9ro de P\u00e2ques de Echo de la Vall\u00e9e n\u00c2\u00b0260.<\/p>\n<p> <img decoding=\"async\" src=\"\/IMG\/jpg\/logo_lentraide.jpg\" width=300><br \/>\n <img decoding=\"async\" src=\"\/IMG\/jpg\/concert-entraide.jpg\" width=400><br \/>\n <img decoding=\"async\" src=\"\/IMG\/jpg\/legende-entraide.jpg\" width=400><\/p>\n","protected":false},"excerpt":{"rendered":"<p>Le dimanche 29 avril \u00e0 16h, l&rsquo;Association L&rsquo;Entr&rsquo;Aide organise un concert dans la Coll\u00e9giale de Cr\u00e9cy-la-Chapelle, en faveur de l&rsquo;association \u00ab Une Etoile\u00e2\u20ac\u00a6 Un Soleil \u00bb, dont la vocation a pour but de soutenir&#46;&#46;&#46;<\/p>\n","protected":false},"author":2,"featured_media":0,"comment_status":"open","ping_status":"open","sticky":false,"template":"","format":"standard","meta":{"footnotes":""},"categories":[],"tags":[],"class_list":["post-928","post","type-post","status-publish","format-standard","hentry"],"_links":{"self":[{"href":"http:\/\/www.chapelle-crecy.com\/index.php?rest_route=\/wp\/v2\/posts\/928","targetHints":{"allow":["GET"]}}],"collection":[{"href":"http:\/\/www.chapelle-crecy.com\/index.php?rest_route=\/wp\/v2\/posts"}],"about":[{"href":"http:\/\/www.chapelle-crecy.com\/index.php?rest_route=\/wp\/v2\/types\/post"}],"author":[{"embeddable":true,"href":"http:\/\/www.chapelle-crecy.com\/index.php?rest_route=\/wp\/v2\/users\/2"}],"replies":[{"embeddable":true,"href":"http:\/\/www.chapelle-crecy.com\/index.php?rest_route=%2Fwp%2Fv2%2Fcomments&post=928"}],"version-history":[{"count":0,"href":"http:\/\/www.chapelle-crecy.com\/index.php?rest_route=\/wp\/v2\/posts\/928\/revisions"}],"wp:attachment":[{"href":"http:\/\/www.chapelle-crecy.com\/index.php?rest_route=%2Fwp%2Fv2%2Fmedia&parent=928"}],"wp:term":[{"taxonomy":"category","embeddable":true,"href":"http:\/\/www.chapelle-crecy.com\/index.php?rest_route=%2Fwp%2Fv2%2Fcategories&post=928"},{"taxonomy":"post_tag","embeddable":true,"href":"http:\/\/www.chapelle-crecy.com\/index.php?rest_route=%2Fwp%2Fv2%2Ftags&post=928"}],"curies":[{"name":"wp","href":"https:\/\/api.w.org\/{rel}","templated":true}]}}