{"id":929,"date":"2012-12-06T16:44:32","date_gmt":"2012-12-06T16:44:32","guid":{"rendered":""},"modified":"-0001-11-30T00:00:00","modified_gmt":"-0001-11-29T22:00:00","slug":"","status":"publish","type":"post","link":"http:\/\/www.chapelle-crecy.com\/?p=929","title":{"rendered":"J&rsquo;aime Radio Notre-Dame (100.7) Je donne au Radio Don"},"content":{"rendered":"<p>Radio Notre Dame est, en r\u00e9gion Ile-de-France, la r\u00e9f\u00e9rence en mati\u00e8re de radio chr\u00e9tienne (et j&rsquo;ajouterai m\u00eame, la r\u00e9f\u00e9rence en mati\u00e8re de radio \u00ab\u00a0tout court\u00a0\u00bb). Vous pouvez l&rsquo;\u00e9couter sur 100.7. C&rsquo;est une radio vraiment diff\u00e9rente des autres, une radio qui donne du sens, qui d\u00e9crypte l&rsquo;actualit\u00e9 diff\u00e9remment des autres radios, qui \u00e9l\u00e8ve l&rsquo;\u00e2me gr\u00e2ce aux temps de pri\u00e8res et de louanges. Elle ne vit que des dons de ses auditeurs.<br \/>\n Comme chaque ann\u00e9e depuis 7 ans, la radio organise sa campagne RadioDon. Depuis aujourd&rsquo;hui jeudi jusqu&rsquo;\u00e0 samedi midi, vous pouvez appelez la radio pour faire une promesse de dons.<br \/>\n T\u00e9l\u00e9phonez au 0810 52 52 52 ou connectez-vous sur le site<br \/>\n[http:\/\/radionotredame.net\/->http:\/\/radionotredame.net\/]. Vous entrerez en contact avec une op\u00e9ratrice \u00e0 qui vous pourrez expliquer pourquoi vous aimez cette radio et lui indiquer le montant de votre don.<br \/>\n Ces dons d&rsquo;argent sont vitaux pour que cette radio puisse continuer \u00e0 \u00eatre cette voix d&rsquo;esp\u00e9rance dans le brouillard m\u00e9diatique ambiant.<br \/>\n N&rsquo;h\u00e9sitez pas \u00e0 aider Radio Notre Dame qui est plus qu&rsquo;une radio !<\/p>\n<p> Merci \u00e0 Bruno Courtois, le directeur de la Radio et \u00e0 toute l&rsquo;\u00e9quipe de journalistes pointus qui se battent tous les jours pour r\u00e9aliser des \u00e9missions de qualit\u00e9.<\/p>\n","protected":false},"excerpt":{"rendered":"<p>Radio Notre Dame est, en r\u00e9gion Ile-de-France, la r\u00e9f\u00e9rence en mati\u00e8re de radio chr\u00e9tienne (et j&rsquo;ajouterai m\u00eame, la r\u00e9f\u00e9rence en mati\u00e8re de radio \u00ab\u00a0tout court\u00a0\u00bb). Vous pouvez l&rsquo;\u00e9couter sur 100.7. C&rsquo;est une radio vraiment&#46;&#46;&#46;<\/p>\n","protected":false},"author":2,"featured_media":0,"comment_status":"open","ping_status":"open","sticky":false,"template":"","format":"standard","meta":{"footnotes":""},"categories":[],"tags":[],"class_list":["post-929","post","type-post","status-publish","format-standard","hentry"],"_links":{"self":[{"href":"http:\/\/www.chapelle-crecy.com\/index.php?rest_route=\/wp\/v2\/posts\/929","targetHints":{"allow":["GET"]}}],"collection":[{"href":"http:\/\/www.chapelle-crecy.com\/index.php?rest_route=\/wp\/v2\/posts"}],"about":[{"href":"http:\/\/www.chapelle-crecy.com\/index.php?rest_route=\/wp\/v2\/types\/post"}],"author":[{"embeddable":true,"href":"http:\/\/www.chapelle-crecy.com\/index.php?rest_route=\/wp\/v2\/users\/2"}],"replies":[{"embeddable":true,"href":"http:\/\/www.chapelle-crecy.com\/index.php?rest_route=%2Fwp%2Fv2%2Fcomments&post=929"}],"version-history":[{"count":0,"href":"http:\/\/www.chapelle-crecy.com\/index.php?rest_route=\/wp\/v2\/posts\/929\/revisions"}],"wp:attachment":[{"href":"http:\/\/www.chapelle-crecy.com\/index.php?rest_route=%2Fwp%2Fv2%2Fmedia&parent=929"}],"wp:term":[{"taxonomy":"category","embeddable":true,"href":"http:\/\/www.chapelle-crecy.com\/index.php?rest_route=%2Fwp%2Fv2%2Fcategories&post=929"},{"taxonomy":"post_tag","embeddable":true,"href":"http:\/\/www.chapelle-crecy.com\/index.php?rest_route=%2Fwp%2Fv2%2Ftags&post=929"}],"curies":[{"name":"wp","href":"https:\/\/api.w.org\/{rel}","templated":true}]}}