{"id":932,"date":"2015-10-27T16:28:15","date_gmt":"2015-10-27T16:28:15","guid":{"rendered":""},"modified":"-0001-11-30T00:00:00","modified_gmt":"-0001-11-29T22:00:00","slug":"","status":"publish","type":"post","link":"http:\/\/www.chapelle-crecy.com\/?p=932","title":{"rendered":"Vivre en couple &#8230; cela s&rsquo;entretient"},"content":{"rendered":"<div align=\"justify\">Le synode sur la famille \u00e0\u00a0 Rome vient de se terminer. Mais, au niveau des paroisses, localement, c&rsquo;est maintenant que l&rsquo;aide, le soutien, l&rsquo;amour des couples et des familles, en difficult\u00e9 ou pas, commence.<br \/>\nL&rsquo;association Vivre et Aimer vous propose une soir\u00e9e gratuite le samedi 21 novembre 2015 de 20h15 \u00e0\u00a0 22h30, Salle F,  en l&rsquo;\u00e9glise St Jean Bosco 18, avenue Henri Dunant, Meaux.<\/p>\n<p>Cette soir\u00e9e sur le th\u00e8me de l&rsquo;\u00e9coute sera constitu\u00e9e essentiellement de t\u00e9moignages de deux couples. Ils illustreront comment, dans la vie de tous les jours ils font progresser leur amour, en utilisant les moyens propos\u00e9s par \u00ab Vivre et Aimer \u00bb.<br \/>\nA partir des t\u00e9moignages entendus, les participants seront invit\u00e9s \u00e0\u00a0 quelques<br \/>\npetits temps de r\u00e9flexion personnelle.<\/p>\n<div align=\"justify\">S&rsquo;unir est un d\u00e9but .Rester unis est un progr\u00e8s ..Vieillir ensemble est un succ\u00e8s.<\/div>\n<p>L&rsquo;Association \u00ab\u00a0Vivre et Aimer\u00a0\u00bb (pr\u00e9sente en France depuis plus de 40 ans..) fait partie de la pastorale familiale de l&rsquo;\u00e9glise catholique. Elle accueille tous les couples, quelles que soient leurs convictions et leur histoire ..<br \/>\nPour mieux vous accueillir, merci de vous inscrire aupr\u00e8s de :<br \/>\nJackie et G\u00e9rard Lemaire<br \/>\nTel: 01 64 34 30 18<br \/>\nE-mail:  gerard.lemaire@wanadoo.fr<br \/>\nPour plus d&rsquo;informations, visitez le site : www.vivre-et-aimer.org<\/p><\/div>\n","protected":false},"excerpt":{"rendered":"<p>Le synode sur la famille \u00e0\u00a0 Rome vient de se terminer. Mais, au niveau des paroisses, localement, c&rsquo;est maintenant que l&rsquo;aide, le soutien, l&rsquo;amour des couples et des familles, en difficult\u00e9 ou pas, commence.&#46;&#46;&#46;<\/p>\n","protected":false},"author":2,"featured_media":0,"comment_status":"open","ping_status":"open","sticky":false,"template":"","format":"standard","meta":{"footnotes":""},"categories":[],"tags":[],"class_list":["post-932","post","type-post","status-publish","format-standard","hentry"],"_links":{"self":[{"href":"http:\/\/www.chapelle-crecy.com\/index.php?rest_route=\/wp\/v2\/posts\/932","targetHints":{"allow":["GET"]}}],"collection":[{"href":"http:\/\/www.chapelle-crecy.com\/index.php?rest_route=\/wp\/v2\/posts"}],"about":[{"href":"http:\/\/www.chapelle-crecy.com\/index.php?rest_route=\/wp\/v2\/types\/post"}],"author":[{"embeddable":true,"href":"http:\/\/www.chapelle-crecy.com\/index.php?rest_route=\/wp\/v2\/users\/2"}],"replies":[{"embeddable":true,"href":"http:\/\/www.chapelle-crecy.com\/index.php?rest_route=%2Fwp%2Fv2%2Fcomments&post=932"}],"version-history":[{"count":0,"href":"http:\/\/www.chapelle-crecy.com\/index.php?rest_route=\/wp\/v2\/posts\/932\/revisions"}],"wp:attachment":[{"href":"http:\/\/www.chapelle-crecy.com\/index.php?rest_route=%2Fwp%2Fv2%2Fmedia&parent=932"}],"wp:term":[{"taxonomy":"category","embeddable":true,"href":"http:\/\/www.chapelle-crecy.com\/index.php?rest_route=%2Fwp%2Fv2%2Fcategories&post=932"},{"taxonomy":"post_tag","embeddable":true,"href":"http:\/\/www.chapelle-crecy.com\/index.php?rest_route=%2Fwp%2Fv2%2Ftags&post=932"}],"curies":[{"name":"wp","href":"https:\/\/api.w.org\/{rel}","templated":true}]}}