{"id":933,"date":"2015-10-30T21:34:26","date_gmt":"2015-10-30T21:34:26","guid":{"rendered":""},"modified":"-0001-11-30T00:00:00","modified_gmt":"-0001-11-29T22:00:00","slug":"","status":"publish","type":"post","link":"http:\/\/www.chapelle-crecy.com\/?p=933","title":{"rendered":"Annonces du 2 au 8 novembre 2015"},"content":{"rendered":"<div align=\"justify\">Voici les annonces de la semaine du lundi 2 au dimanche 8 novembre 2015 pour la paroisse des 3 clochers Cr\u00e9cy-la-Chapelle, Villiers-sur-Morin, Voulangis. <\/p>\n<p>Samedi 7 \u00e0\u00a0 18 h 30, messe \u00e0\u00a0 Villiers,<br \/>\nDimanche 8 \u00e0\u00a0 10 h 30, messe \u00e0\u00a0 Cr\u00e9cy.<\/p>\n<p>Tous les d\u00e9tails dans la suite &#8230;\n<\/p><\/div>\n<table border=0>\n<tbody>\n<tr>\n<td>\n<div align=\"center\">\n<table bgcolor =\"F0F0F6\" border=0>\n<tbody>\n<td><font color=\"00CC00\"><\/p>\n<div align=\"center\"><img decoding=\"async\" src=\"\/IMG\/lieux\/Tombes.jpg\"   width=350>\n<\/div>\n<p><\/font><\/td>\n<td ><font color=\"0E0C40\"><\/p>\n<div align=\"center\"><b>Lundi 2 novembre<\/b><br \/>\n14 h 30 &#8211;  R\u00e9union de l&rsquo;Equipe du Rosaire chez Madame LOUIS<br \/>\n17 h  Messe \u00e0 la Maison de Retraite  Comm\u00e9moration des fid\u00e8les d\u00e9funts, et nous prierons particuli\u00e8rement pour William DESJARDINS.<\/p>\n<p><b>Mardi 3 novembre<\/b><br \/>\n18 h &#8211; Messe \u00e0 Cr\u00e9cy pour Janine PERRICHON et Claudie SIMON.<\/p>\n<\/div>\n<\/td>\n<\/tr>\n<\/tbody>\n<\/table>\n<table bgcolor =\"F0FFF6\" border=0>\n<tbody>\n<tr>\n<td><font color=\"0020FF\"><\/p>\n<div align=\"center\">\n<p><b>Mercredi 4 novembre<\/b><br \/>\n<i>St Charles BORROMEE<\/i><\/p>\n<p>9 h &#8211; Messe \u00e0 Cr\u00e9cy pour Roger DUFAUX, Jeanne BOURCIER et Claudine GROSJEAN.<br \/>\n15 h 30 &#8211; A Voulangis, Obs\u00e8ques de Nicole ANGER.\n<\/div>\n<p><\/font><\/td>\n<td><font color=\"00CC00\"><\/p>\n<div align=\"center\"><img decoding=\"async\" src=\"\/IMG\/personnes\/charles_boromee.jpg\"   width=250>\n<\/div>\n<p><\/font><\/td>\n<\/tr>\n<\/tbody>\n<\/table>\n<table bgcolor =\"F0F0F6\" border=0>\n<tbody>\n<tr>\n<td><font color=\"00CC00\"><\/p>\n<div align=\"center\"><img decoding=\"async\" src=\"\/IMG\/personnes\/leonard.jpg\"   width=250><\/div>\n<p><\/font><\/td>\n<td><font color=\"00CC00\"><\/p>\n<div align=\"center\">\n<b>Jeudi 5 novembre<\/b><br \/>\n<i> <\/i><br \/>\n18 h &#8211;  Messe \u00e0 Cr\u00e9cy pourYvette VALLEE, Martine GRAVADE et Henri NARET.<\/p>\n<p><b>Vendredi 6 novembre<\/b><br \/>\n<i>St L\u00e9onard<\/i><br \/>\n9 h   Messe \u00e0 Cr\u00e9cy pour Pierre LOUIS, Lucien GORRET et Maurice REVEL<br \/>\n9 h 30  Adoration du Saint-Sacrement.<\/p>\n<\/div>\n<p><\/font><\/td>\n<\/tr>\n<\/tbody>\n<\/table>\n<table bgcolor =\"F0FFF6\" border=0>\n<tbody>\n<tr>\n<td><font color=\"0020FF\"><\/p>\n<div align=\"center\"><b>Samedi 7 novembre<\/b><br \/>\n18 h 30 &#8211;  Messe \u00e0 Villiers pour Claudine AVANZINI , Marie-Jos\u00e9 NAUROY et Henri CORPECHOT.<\/p>\n<p><b>Dimanche 8 novembre<\/b><br \/>\n10 h 30 &#8211; Messe \u00e0 Cr\u00e9cy pour Auzenda CATUMBA, Marc CALONNE et Philippe CABARET.<\/div>\n<p><\/font><\/td>\n<td><font color=\"0020FF\"><\/p>\n<div align=\"center\"><img decoding=\"async\" src=\"\/IMG\/lieux\/stgeorges21.jpg\"  width=350><\/div>\n<p><\/font><\/td>\n<\/tr>\n<\/tbody>\n<\/table>\n<\/div>\n<\/td>\n<\/tr>\n<\/tbody>\n<\/table>\n","protected":false},"excerpt":{"rendered":"<p>Voici les annonces de la semaine du lundi 2 au dimanche 8 novembre 2015 pour la paroisse des 3 clochers Cr\u00e9cy-la-Chapelle, Villiers-sur-Morin, Voulangis. Samedi 7 \u00e0\u00a0 18 h 30, messe \u00e0\u00a0 Villiers, Dimanche 8&#46;&#46;&#46;<\/p>\n","protected":false},"author":2,"featured_media":0,"comment_status":"open","ping_status":"open","sticky":false,"template":"","format":"standard","meta":{"footnotes":""},"categories":[],"tags":[],"class_list":["post-933","post","type-post","status-publish","format-standard","hentry"],"_links":{"self":[{"href":"http:\/\/www.chapelle-crecy.com\/index.php?rest_route=\/wp\/v2\/posts\/933","targetHints":{"allow":["GET"]}}],"collection":[{"href":"http:\/\/www.chapelle-crecy.com\/index.php?rest_route=\/wp\/v2\/posts"}],"about":[{"href":"http:\/\/www.chapelle-crecy.com\/index.php?rest_route=\/wp\/v2\/types\/post"}],"author":[{"embeddable":true,"href":"http:\/\/www.chapelle-crecy.com\/index.php?rest_route=\/wp\/v2\/users\/2"}],"replies":[{"embeddable":true,"href":"http:\/\/www.chapelle-crecy.com\/index.php?rest_route=%2Fwp%2Fv2%2Fcomments&post=933"}],"version-history":[{"count":0,"href":"http:\/\/www.chapelle-crecy.com\/index.php?rest_route=\/wp\/v2\/posts\/933\/revisions"}],"wp:attachment":[{"href":"http:\/\/www.chapelle-crecy.com\/index.php?rest_route=%2Fwp%2Fv2%2Fmedia&parent=933"}],"wp:term":[{"taxonomy":"category","embeddable":true,"href":"http:\/\/www.chapelle-crecy.com\/index.php?rest_route=%2Fwp%2Fv2%2Fcategories&post=933"},{"taxonomy":"post_tag","embeddable":true,"href":"http:\/\/www.chapelle-crecy.com\/index.php?rest_route=%2Fwp%2Fv2%2Ftags&post=933"}],"curies":[{"name":"wp","href":"https:\/\/api.w.org\/{rel}","templated":true}]}}