{"id":934,"date":"2015-11-03T17:01:29","date_gmt":"2015-11-03T17:01:29","guid":{"rendered":""},"modified":"-0001-11-30T00:00:00","modified_gmt":"-0001-11-29T22:00:00","slug":"","status":"publish","type":"post","link":"http:\/\/www.chapelle-crecy.com\/?p=934","title":{"rendered":"Un concert original !"},"content":{"rendered":"<div align=\"justify\">No\u00f6l est un temps propice \u00e0\u00a0 la musique. L&rsquo;enfant qui para\u00eet, ses myst\u00e8res et son destin, ont suscit\u00e9 les expressions les plus vari\u00e9es. A l&rsquo;approche de d\u00e9cembre, c&rsquo;est ce que souhaite rappeler l&rsquo;Ensemble Angu\u00e9los, dirig\u00e9 par Val\u00e9ry Aubertin, lors de leur concert du 28 novembre en l&rsquo;\u00e9glise de Villiers-sur-Morin, proposant de faire entendre des pi\u00e8ces issues du r\u00e9pertoire Baroque jusqu&rsquo;\u00e0\u00a0 nos jours. <\/p>\n<div align=\"center\"><img decoding=\"async\" src=\"\/IMG\/jpg\/compositeur.jpg\" width=400><\/div>\n<div align=\"center\">Valery Aubertin, compositeur<\/div>\n<p>Le programme comprendra des m\u00e9lodies traditionnelles de No\u00f6l, magnifiquement harmonis\u00e9es (La Cr\u00e8che de Montserrat, Nous sommes trois souverains princes), mais aussi l&rsquo;Exultate, Jubilate d&rsquo;Alessandro Scarlatti, ou bien encore des partitions plus modernes, intimes et m\u00e9ditatives (Motets pour le temps de No\u00f6l de Francis Poulenc).<br \/>\nDe plus &#8230;<\/p><\/div>\n<div align=\"justify\">&#8230; l&rsquo;Ensemble Vocal Anguelos chantera en compagnie d&rsquo;un instrument rare : le basson.<br \/>\n L&rsquo;excellent bassoniste Jean-Louis Fiat accompagnera le choeur dans un tr\u00e8s beau motet de Heinrich Sch\u00c3\u00bctz et fera entendre des pi\u00e8ces en soliste, dont la Sonate pour basson et orgue du compositeur du XVIII\u00e8me si\u00e8cle Antoine Dard.<br \/>\n Un orgue positif sera install\u00e9 dans l&rsquo;\u00e9glise et l&rsquo;on pourra appr\u00e9cier les sonorit\u00e9s douces et cristallines de ce magnifique instrument \u00e0 tuyaux (\u00e0 l&rsquo;orgue : Catherine Lehnert et Val\u00e9ry Aubertin). Ce concert original sera couronn\u00e9 par le  Magnificat de Durante pour choeur et orgue.<\/p>\n<div align=\"center\"><img decoding=\"async\" src=\"\/IMG\/jpg\/orgue-positif.jpg\" width=450><\/div>\n<div align=\"center\">orgue positif<\/div>\n<p> L&rsquo;Ensemble Anguelos esp\u00e8re vous retrouver nombreux pour d\u00e9couvrir ce moment musical et partager avec vous une boisson chaude \u00e0 l&rsquo;entracte, comme un avant-go\u00fbt des festivit\u00e9s de No\u00ebl.<\/p>\n<div align=\"center\">Un \u00e9v\u00e9nement \u00e0 ne pas manquer !<\/div>\n<div align=\"center\">Venez nombreux !<\/div>\n<p> Entr\u00e9es : tarif plein :13 euros, tarif r\u00e9duit : 11 euros (adh\u00e9rents, \u00e9tudiants)<br \/>\n Gratuit pour les moins de 15 ans, demandeurs d&#8217;emploi, personnes handicap\u00e9es<br \/>\n(sur justificatif)<\/p>\n<p> Renseignements et contact :<br \/>\nT\u00e9l: 01 60 04 11 89<br \/>\n E-mail: anguelos@free.fr<br \/>\n Site Internet : www.anguelos.fr\n<\/p><\/div>\n","protected":false},"excerpt":{"rendered":"<p>No\u00f6l est un temps propice \u00e0\u00a0 la musique. L&rsquo;enfant qui para\u00eet, ses myst\u00e8res et son destin, ont suscit\u00e9 les expressions les plus vari\u00e9es. A l&rsquo;approche de d\u00e9cembre, c&rsquo;est ce que souhaite rappeler l&rsquo;Ensemble Angu\u00e9los,&#46;&#46;&#46;<\/p>\n","protected":false},"author":2,"featured_media":0,"comment_status":"open","ping_status":"open","sticky":false,"template":"","format":"standard","meta":{"footnotes":""},"categories":[],"tags":[],"class_list":["post-934","post","type-post","status-publish","format-standard","hentry"],"_links":{"self":[{"href":"http:\/\/www.chapelle-crecy.com\/index.php?rest_route=\/wp\/v2\/posts\/934","targetHints":{"allow":["GET"]}}],"collection":[{"href":"http:\/\/www.chapelle-crecy.com\/index.php?rest_route=\/wp\/v2\/posts"}],"about":[{"href":"http:\/\/www.chapelle-crecy.com\/index.php?rest_route=\/wp\/v2\/types\/post"}],"author":[{"embeddable":true,"href":"http:\/\/www.chapelle-crecy.com\/index.php?rest_route=\/wp\/v2\/users\/2"}],"replies":[{"embeddable":true,"href":"http:\/\/www.chapelle-crecy.com\/index.php?rest_route=%2Fwp%2Fv2%2Fcomments&post=934"}],"version-history":[{"count":0,"href":"http:\/\/www.chapelle-crecy.com\/index.php?rest_route=\/wp\/v2\/posts\/934\/revisions"}],"wp:attachment":[{"href":"http:\/\/www.chapelle-crecy.com\/index.php?rest_route=%2Fwp%2Fv2%2Fmedia&parent=934"}],"wp:term":[{"taxonomy":"category","embeddable":true,"href":"http:\/\/www.chapelle-crecy.com\/index.php?rest_route=%2Fwp%2Fv2%2Fcategories&post=934"},{"taxonomy":"post_tag","embeddable":true,"href":"http:\/\/www.chapelle-crecy.com\/index.php?rest_route=%2Fwp%2Fv2%2Ftags&post=934"}],"curies":[{"name":"wp","href":"https:\/\/api.w.org\/{rel}","templated":true}]}}