{"id":936,"date":"2015-11-11T16:06:22","date_gmt":"2015-11-11T16:06:22","guid":{"rendered":""},"modified":"-0001-11-30T00:00:00","modified_gmt":"-0001-11-29T22:00:00","slug":"","status":"publish","type":"post","link":"http:\/\/www.chapelle-crecy.com\/?p=936","title":{"rendered":"Journ\u00e9e nationale du Secours Catholique : 15 novembre 2015"},"content":{"rendered":"<div align-\"justify\">\nElle se d\u00e9roulera cette ann\u00e9e au milieu de plusieurs \u00e9v\u00e9nements importants.<br \/>\nLe synode sur la famille a r\u00e9fl\u00e9chi notamment sur l&rsquo;engagement de l&rsquo;Eglise aupr\u00e8s des familles qui vivent des difficult\u00e9s financi\u00e8res de tous ordres. Ce sont elles que le Secours Catholique accompagne dans la toute la France et soutient dans de nombreux pays gr ce aux Caritas.<\/p>\n<div align=\"center\"><img decoding=\"async\" src=\"\/IMG\/jpg\/pee.jpg\" width=400><\/div>\n<div align=\"center\">D\u00e9couvrez sur le dernier Echo de la Vall\u00e9e n\u00b0274 de la Toussaint le remarquable interview de Pierre Favre (ici en photo sur Prions En Eglise) r\u00e9alis\u00e9 par Alain Legeay<\/div>\n<p>La Conf\u00e9rence de Paris sur le climat est pr\u00e9par\u00e9e par de nombreuses initiatives o\u00f9 les chr\u00e9tiens sont en premi\u00e8re ligne, motiv\u00e9s par l&rsquo;encyclique du pape Fran\u00e7ois Laudato Si&rsquo;. L\u00e0\u00a0 aussi, les membres du Secours Catholique soutiennent les plus pauvres, qui luttent contre les cons\u00e9quences du d\u00e9r\u00e8glement climatique, dans le monde, comme au Bengladesh ou en Afrique, mais aussi en France&#8230;<\/p><\/div>\n<div align-\"justify\">\n Dans le cadre du Jubil\u00e9 de la Mis\u00e9ricorde, l&rsquo;action des membres du Secours Catholique fait partie des oeuvres de mis\u00e9ricorde que Dieu suscite pour que tous puissent vivre dignement. Ce sont souvent des pauvres qui nous font d\u00e9couvrir le coeur mis\u00e9ricordieux du P\u00e8re. Au coeur des \u00e9preuves qu&rsquo;ils ont travers\u00e9es, ils savent que Dieu leur a fait mis\u00e9ricorde.<br \/>\n Le troisi\u00e8me dimanche de novembre est le rendez-vous habituel pour la collecte nationale du Secours Catholique. Celui-ci a, cette ann\u00e9e plus que jamais, besoin des dons de tous pour remplir sa mission d&rsquo;aide aux plus d\u00e9munis, d&rsquo;accompagnement aussi, pour que tous puissent vivre dignement et participer \u00e0 la vie sociale. N&rsquo;oublions pas aussi de leur donner toute leur place et une vraie parole dans nos communaut\u00e9s, en vue d&rsquo;une \u00ab\u00a0Eglise pauvre pour les pauvres\u00a0\u00bb. En tant que service d&rsquo;Eglise, par son savoir faire le Secours Catholique peut y aider. Mais comme baptis\u00e9, tout membre de notre Eglise ne doit-il pas se sentir \u00ab\u00a0secours catholique\u00a0\u00bb ?<br \/>\n Jacques Blaquart, \u00e9v\u00eaque d&rsquo;Orl\u00e9ans, Pr\u00e9sident du Conseil pour la Solidarit\u00e9.\n<\/div>\n","protected":false},"excerpt":{"rendered":"<p>Elle se d\u00e9roulera cette ann\u00e9e au milieu de plusieurs \u00e9v\u00e9nements importants. Le synode sur la famille a r\u00e9fl\u00e9chi notamment sur l&rsquo;engagement de l&rsquo;Eglise aupr\u00e8s des familles qui vivent des difficult\u00e9s financi\u00e8res de tous ordres.&#46;&#46;&#46;<\/p>\n","protected":false},"author":2,"featured_media":0,"comment_status":"open","ping_status":"open","sticky":false,"template":"","format":"standard","meta":{"footnotes":""},"categories":[],"tags":[],"class_list":["post-936","post","type-post","status-publish","format-standard","hentry"],"_links":{"self":[{"href":"http:\/\/www.chapelle-crecy.com\/index.php?rest_route=\/wp\/v2\/posts\/936","targetHints":{"allow":["GET"]}}],"collection":[{"href":"http:\/\/www.chapelle-crecy.com\/index.php?rest_route=\/wp\/v2\/posts"}],"about":[{"href":"http:\/\/www.chapelle-crecy.com\/index.php?rest_route=\/wp\/v2\/types\/post"}],"author":[{"embeddable":true,"href":"http:\/\/www.chapelle-crecy.com\/index.php?rest_route=\/wp\/v2\/users\/2"}],"replies":[{"embeddable":true,"href":"http:\/\/www.chapelle-crecy.com\/index.php?rest_route=%2Fwp%2Fv2%2Fcomments&post=936"}],"version-history":[{"count":0,"href":"http:\/\/www.chapelle-crecy.com\/index.php?rest_route=\/wp\/v2\/posts\/936\/revisions"}],"wp:attachment":[{"href":"http:\/\/www.chapelle-crecy.com\/index.php?rest_route=%2Fwp%2Fv2%2Fmedia&parent=936"}],"wp:term":[{"taxonomy":"category","embeddable":true,"href":"http:\/\/www.chapelle-crecy.com\/index.php?rest_route=%2Fwp%2Fv2%2Fcategories&post=936"},{"taxonomy":"post_tag","embeddable":true,"href":"http:\/\/www.chapelle-crecy.com\/index.php?rest_route=%2Fwp%2Fv2%2Ftags&post=936"}],"curies":[{"name":"wp","href":"https:\/\/api.w.org\/{rel}","templated":true}]}}