{"id":937,"date":"2015-11-11T18:58:36","date_gmt":"2015-11-11T18:58:36","guid":{"rendered":""},"modified":"-0001-11-30T00:00:00","modified_gmt":"-0001-11-29T22:00:00","slug":"","status":"publish","type":"post","link":"http:\/\/www.chapelle-crecy.com\/?p=937","title":{"rendered":"Calendrier 2015-2016"},"content":{"rendered":"<p>Voici les principaux \u00e9v\u00e9nements de l&rsquo;ann\u00e9e concernant la paroisse : messes festives, profession de foi, conf\u00e9rences, &#8230;<\/p>\n<table border=1>\n<tbody>\n<tr>\n<td><b>Date<\/b><\/td>\n<td><b>Ev\u00e9nement<\/b><\/td>\n<\/tr>\n<tr>\n<td>Dimanche 11 octobre<\/td>\n<td>Messe de rentr\u00e9e du secteur avec participation des enfants<\/td>\n<\/tr>\n<tr>\n<td>Dimanche 1er novembre<\/td>\n<td>Toussaint : invitation aux familles qui ont eu un deuil l&rsquo;an pass\u00e9<\/td>\n<\/tr>\n<tr>\n<td>Vendredi 20 novembre<\/td>\n<td> Messe \u00ab Gendarmerie \u00bb \u00e0 la Coll\u00e9giale -16h30<\/td>\n<\/tr>\n<tr>\n<td>Samedi 28 et dimanche 29 nov.<\/td>\n<td>Vente couronnes de l&rsquo;avent (aum\u00f4nerie)<\/td>\n<\/tr>\n<tr>\n<td>Samedi 5 d\u00e9cembre<\/td>\n<td>Confirmation groupe Vall\u00e9e du Morin \/ St Fiacre \u00e0 Cr\u00e9cy &#8211; 18h30<br \/>\nPas de messe anticip\u00e9e \u00e0 Villiers<\/td>\n<\/tr>\n<tr>\n<td>Dimanche 6 d\u00e9cembre<\/td>\n<td>Messe avec participation des enfants<\/td>\n<\/tr>\n<tr>\n<td>Jeudi 10 d\u00e9cembre<\/td>\n<td>Conf\u00e9rence Ann\u00e9e de la Mis\u00e9ricorde \u00ab Les yeux fix\u00e9s sur J\u00e9sus-Christ, visage de la mis\u00e9ricorde \u00bb assur\u00e9e par le P\u00e8re Thierry Leroy &#8211; Eglise Saint Damien \u00e0 Meaux &#8211; 20h30<\/td>\n<\/tr>\n<tr>\n<td>Dimanche 13 d\u00e9cembre<\/td>\n<td>Rencontre des 6\u00e8mes \u00e0 Meaux<\/td>\n<\/tr>\n<tr>\n<td>Vendredi 18 d\u00e9cembre<\/td>\n<td>C\u00e9l\u00e9bration p\u00e9nitentielle de l&rsquo;Avent \u00e0 Cr\u00e9cy &#8211; 20h30<\/td>\n<\/tr>\n<tr>\n<td>Jeudi 24 d\u00e9cembre<\/td>\n<td>Veill\u00e9e de No\u00ebl<\/td>\n<\/tr>\n<tr>\n<td>Vendredi 25 d\u00e9cembre<\/td>\n<td>Messe de la Nativit\u00e9 du Seigneur<\/td>\n<\/tr>\n<tr>\n<td>Dimanche 10 janvier<\/td>\n<td>Bapt\u00eame du Seigneur : invitation faite aux familles qui ont c\u00e9l\u00e9br\u00e9 un bapt\u00eame l&rsquo;an pass\u00e9.<\/td>\n<\/tr>\n<tr>\n<td>Dimanche 31 janvier<\/td>\n<td>Messe de b\u00e9n\u00e9diction de la r\u00e9novation des vitraux de Voulangis \u00e0 10h30 (remplacement de la messe dominicale de Cr\u00e9cy) &#8211; Pas de messe anticip\u00e9e la veille,  le samedi 30 janvier \u00e0 Voulangis.<\/td>\n<\/tr>\n<tr>\n<td>Mercredi 10 f\u00e9vrier<\/td>\n<td>Mercredi des cendres &#8211; D\u00e9but du Car\u00eame<\/td>\n<\/tr>\n<tr>\n<td>Dimanche 14 f\u00e9vrier<\/td>\n<td>Messe avec participation des enfants.<br \/>\nAppel d\u00e9cisif des cat\u00e9chum\u00e8nes \u00e0 la cath\u00e9drale <\/td>\n<\/tr>\n<tr>\n<td>Dimanche 28 f\u00e9vrier <\/td>\n<td>1er scrutin cat\u00e9chum\u00e8nes \u00e0 Cr\u00e9cy<\/td>\n<\/tr>\n<tr>\n<td>Dimanche 6 mars <\/td>\n<td>2\u00e8me scrutin cat\u00e9chum\u00e8nes \u00e0 Cr\u00e9cy<\/td>\n<\/tr>\n<tr>\n<td>Mardi 8 mars<\/td>\n<td>Conf\u00e9rence Ann\u00e9e de la Mis\u00e9ricorde \u00ab Chr\u00e9tien face \u00e0 la souffrance \u00bb assur\u00e9e par le P\u00e8re Alain Ratti  Eglise saint Georges \u00e0 Cr\u00e9cy &#8211; 20h30<\/td>\n<\/tr>\n<tr>\n<td>Samedi 12 mars<\/td>\n<td>Journ\u00e9e du Pardon \u00e0 Meaux.<br \/>\nSoir\u00e9e de l&rsquo;Amiti\u00e9 \u00e0 la salle Altmann de Cr\u00e9cy.<\/td>\n<\/tr>\n<tr>\n<td>Dimanche 13 mars <\/td>\n<td>3\u00e8me scrutin cat\u00e9chum\u00e8nes \u00e0 Cr\u00e9cy<\/td>\n<\/tr>\n<tr>\n<td>Du dimanche 20 mars (Rameaux) au dimanche 27 mars (P\u00e2ques)<\/td>\n<td>Semaine Sainte.<br \/>\nBapt\u00eame des cat\u00e9chum\u00e8nes Sabrya et Johanne lors de la veill\u00e9e pascale le samedi 26 mars \u00e0 Cr\u00e9cy.<\/td>\n<\/tr>\n<tr>\n<td>Dimanche 3 avril<\/td>\n<td>Repas de p\u00f4le \u00e0 Quincy<\/td>\n<\/tr>\n<tr>\n<td>Dimanche 10 avril<\/td>\n<td>Messe avec participation des enfants<\/td>\n<\/tr>\n<tr>\n<td>Vendredi 6 et Samedi 7 mai<\/td>\n<td>Retraite de Profession de Foi (pont de l&rsquo;Ascension)<\/td>\n<\/tr>\n<tr>\n<td>Samedi 14 mai<\/td>\n<td>Veill\u00e9e de la Profession de foi \u00e0 Voulangis<\/td>\n<\/tr>\n<tr>\n<td>Dimanche 15 mai (Pentec\u00f4te) <\/td>\n<td>Profession de Foi \u00e0 la Coll\u00e9giale Notre-Dame de l&rsquo;Assomption<\/td>\n<\/tr>\n<tr>\n<td>Samedi 21 mai<\/td>\n<td>Lisieux pour les 6\u00e8mes<\/td>\n<\/tr>\n<tr>\n<td>Vendredi 27 mai<\/td>\n<td>Conf\u00e9rence Ann\u00e9e de la Mis\u00e9ricorde \u00ab Marthe Robin, t\u00e9moin de la mis\u00e9ricorde \u00bb assur\u00e9e par le P\u00e8re Alain Bandelier  Esbly- 20h30<\/td>\n<\/tr>\n<tr>\n<td>Samedi 28 mai<\/td>\n<td>Retraite de 1\u00e8re communion<br \/>\nLisieux pour les 5\u00e8mes (aum\u00f4nerie)<\/td>\n<\/tr>\n<tr>\n<td>Dimanche 29 mai<\/td>\n<td>1\u00e8re communion<\/td>\n<\/tr>\n<tr>\n<td>Dimanche 5 juin<\/td>\n<td>Bapt\u00eame et 1\u00e8re communion (pour 4 enfants)<\/td>\n<\/tr>\n<tr>\n<td>Dimanche 19 juin<\/td>\n<td>Messe d&rsquo;action de gr\u00e2ce avec participation des enfants<\/td>\n<\/tr>\n<\/tbody>\n<\/table>\n","protected":false},"excerpt":{"rendered":"<p>Voici les principaux \u00e9v\u00e9nements de l&rsquo;ann\u00e9e concernant la paroisse : messes festives, profession de foi, conf\u00e9rences, &#8230; Date Ev\u00e9nement Dimanche 11 octobre Messe de rentr\u00e9e du secteur avec participation des enfants Dimanche 1er novembre&#46;&#46;&#46;<\/p>\n","protected":false},"author":2,"featured_media":0,"comment_status":"open","ping_status":"open","sticky":false,"template":"","format":"standard","meta":{"footnotes":""},"categories":[],"tags":[],"class_list":["post-937","post","type-post","status-publish","format-standard","hentry"],"_links":{"self":[{"href":"http:\/\/www.chapelle-crecy.com\/index.php?rest_route=\/wp\/v2\/posts\/937","targetHints":{"allow":["GET"]}}],"collection":[{"href":"http:\/\/www.chapelle-crecy.com\/index.php?rest_route=\/wp\/v2\/posts"}],"about":[{"href":"http:\/\/www.chapelle-crecy.com\/index.php?rest_route=\/wp\/v2\/types\/post"}],"author":[{"embeddable":true,"href":"http:\/\/www.chapelle-crecy.com\/index.php?rest_route=\/wp\/v2\/users\/2"}],"replies":[{"embeddable":true,"href":"http:\/\/www.chapelle-crecy.com\/index.php?rest_route=%2Fwp%2Fv2%2Fcomments&post=937"}],"version-history":[{"count":0,"href":"http:\/\/www.chapelle-crecy.com\/index.php?rest_route=\/wp\/v2\/posts\/937\/revisions"}],"wp:attachment":[{"href":"http:\/\/www.chapelle-crecy.com\/index.php?rest_route=%2Fwp%2Fv2%2Fmedia&parent=937"}],"wp:term":[{"taxonomy":"category","embeddable":true,"href":"http:\/\/www.chapelle-crecy.com\/index.php?rest_route=%2Fwp%2Fv2%2Fcategories&post=937"},{"taxonomy":"post_tag","embeddable":true,"href":"http:\/\/www.chapelle-crecy.com\/index.php?rest_route=%2Fwp%2Fv2%2Ftags&post=937"}],"curies":[{"name":"wp","href":"https:\/\/api.w.org\/{rel}","templated":true}]}}