{"id":938,"date":"2015-11-13T22:21:05","date_gmt":"2015-11-13T22:21:05","guid":{"rendered":""},"modified":"-0001-11-30T00:00:00","modified_gmt":"-0001-11-29T22:00:00","slug":"","status":"publish","type":"post","link":"http:\/\/www.chapelle-crecy.com\/?p=938","title":{"rendered":"Annonces du 16 au 22 novembre 2015"},"content":{"rendered":"<div align=\"justify\">Voici les annonces de la semaine du lundi 2 au dimanche 8 novembre 2015 pour la paroisse des 3 clochers Cr\u00e9cy-la-Chapelle, Villiers-sur-Morin, Voulangis. <\/p>\n<p>Samedi 21 \u00e0\u00a0 18 h 30, messe \u00e0\u00a0 Villiers,<br \/>\nDimanche 22 \u00e0\u00a0 10 h 30, messe \u00e0\u00a0 Cr\u00e9cy.<\/p>\n<p>Tous les d\u00e9tails dans la suite &#8230;\n<\/p><\/div>\n<table border=0>\n<tbody>\n<tr>\n<td>\n<div align=\"center\">\n<table bgcolor =\"F0F0F6\" border=0>\n<tbody>\n<td ><font color=\"0E0C40\"><\/p>\n<div align=\"center\"><b>Lundi 16 novembre<\/b><br \/>\n17 h  Messe \u00e0 la Maison de Retraite.<\/p>\n<p><b>Mardi 17 novembre<\/b><br \/>\n<i>Ste Elisabeth de Hongrie<\/i><br \/>\n18 h &#8211; Messe \u00e0 Cr\u00e9cy pour Juliette LACOMBE et Andr\u00e9 CHAMPIN.<\/p>\n<p><b>Mercredi 18 novembre<\/b><\/p>\n<p>9 h &#8211; Messe \u00e0 Cr\u00e9cy pour Paulette LOINTIER et  Pascal DUBUS .\n<\/p><\/div>\n<p><\/font><\/td>\n<td><font color=\"0E0C40\"><\/p>\n<div align=\"center\"><img decoding=\"async\" src=\"\/IMG\/personnes\/elisabeth.jpg\" width=250><br \/>Sainte Elisabeth\n<\/div>\n<p><\/font><\/td>\n<\/tr>\n<\/tbody>\n<\/table>\n<table bgcolor =\"FFF6F0\" border=0>\n<tbody>\n<tr>\n<td><font color=\"00CC00\"><\/p>\n<div align=\"center\"><img decoding=\"async\" src=\"\/IMG\/lieux\/stgeorges21.jpg\" width=300><\/p>\n<\/div>\n<p><\/font><\/td>\n<td><font color=\"00CC00\"><\/p>\n<div align=\"center\">\n<p><b>Jeudi 19 novembre<\/b><br \/>\n<i> <\/i><br \/>\n18 h &#8211; Messe \u00e0 Cr\u00e9cy pour Georges RAOULT et Olivier LANDRIEUX.<\/p>\n<p><b>Vendredi 20 novembre<\/b><\/p>\n<p>9 h  Messe \u00e0 Cr\u00e9cy pour  Raymonde LEROUX et Michel DEDIEU.<br \/>\n<strike>17 h 30   A la Coll\u00e9giale : Messe des Gendarmes.<\/strike> : <font color=\"FF000\">Report\u00e9e<\/font>\n<\/div>\n<p><\/font><\/td>\n<\/tr>\n<\/tbody>\n<\/table>\n<table bgcolor =\"F0F0F6\" border=0>\n<tbody>\n<tr>\n<td><font color=\"0020FF\"><\/p>\n<div align=\"center\"><b>Samedi 21 novembre<\/b><br \/>\n<i>Pr\u00e9sentation de la Vierge Marie<\/i><br \/>\n18 h 30 &#8211;  Messe \u00e0 Villiers pour Germaine VERNILLET et Stanislas WALTER.<\/p>\n<p><b>Dimanche 22 novembre<\/b><br \/>\n<i>Solennit\u00e9  du CHRIST, ROI DE L&rsquo;UNIVERS<\/i><\/p>\n<p>10 h 30 &#8211; Messe \u00e0 Cr\u00e9cy pour Lionel TANGUY et Rose-Marie DECOUTTERE.<br \/>\n.<\/p><\/div>\n<p><\/font><\/td>\n<td><font color=\"0020FF\"><\/p>\n<div align=\"center\"><img decoding=\"async\" src=\"\/IMG\/lieux\/stgeorges17.jpg\"  width=250><\/div>\n<p><\/font><\/td>\n<\/tr>\n<\/tbody>\n<\/table>\n<\/div>\n<\/td>\n<\/tr>\n<\/tbody>\n<\/table>\n","protected":false},"excerpt":{"rendered":"<p>Voici les annonces de la semaine du lundi 2 au dimanche 8 novembre 2015 pour la paroisse des 3 clochers Cr\u00e9cy-la-Chapelle, Villiers-sur-Morin, Voulangis. Samedi 21 \u00e0\u00a0 18 h 30, messe \u00e0\u00a0 Villiers, Dimanche 22&#46;&#46;&#46;<\/p>\n","protected":false},"author":2,"featured_media":0,"comment_status":"open","ping_status":"open","sticky":false,"template":"","format":"standard","meta":{"footnotes":""},"categories":[],"tags":[],"class_list":["post-938","post","type-post","status-publish","format-standard","hentry"],"_links":{"self":[{"href":"http:\/\/www.chapelle-crecy.com\/index.php?rest_route=\/wp\/v2\/posts\/938","targetHints":{"allow":["GET"]}}],"collection":[{"href":"http:\/\/www.chapelle-crecy.com\/index.php?rest_route=\/wp\/v2\/posts"}],"about":[{"href":"http:\/\/www.chapelle-crecy.com\/index.php?rest_route=\/wp\/v2\/types\/post"}],"author":[{"embeddable":true,"href":"http:\/\/www.chapelle-crecy.com\/index.php?rest_route=\/wp\/v2\/users\/2"}],"replies":[{"embeddable":true,"href":"http:\/\/www.chapelle-crecy.com\/index.php?rest_route=%2Fwp%2Fv2%2Fcomments&post=938"}],"version-history":[{"count":0,"href":"http:\/\/www.chapelle-crecy.com\/index.php?rest_route=\/wp\/v2\/posts\/938\/revisions"}],"wp:attachment":[{"href":"http:\/\/www.chapelle-crecy.com\/index.php?rest_route=%2Fwp%2Fv2%2Fmedia&parent=938"}],"wp:term":[{"taxonomy":"category","embeddable":true,"href":"http:\/\/www.chapelle-crecy.com\/index.php?rest_route=%2Fwp%2Fv2%2Fcategories&post=938"},{"taxonomy":"post_tag","embeddable":true,"href":"http:\/\/www.chapelle-crecy.com\/index.php?rest_route=%2Fwp%2Fv2%2Ftags&post=938"}],"curies":[{"name":"wp","href":"https:\/\/api.w.org\/{rel}","templated":true}]}}