{"id":939,"date":"2015-11-14T15:39:23","date_gmt":"2015-11-14T15:39:23","guid":{"rendered":""},"modified":"-0001-11-30T00:00:00","modified_gmt":"-0001-11-29T22:00:00","slug":"","status":"publish","type":"post","link":"http:\/\/www.chapelle-crecy.com\/?p=939","title":{"rendered":"Prions Pour Paris pour la Paix"},"content":{"rendered":"<div align=\"justify\">Ce vendredi 13 novembre, des attentats kamikazes ont \u00e9t\u00e9 perp\u00e9tr\u00e9s \u00e0\u00a0 Paris, en diff\u00e9rents lieux de la capitale. Le bilan humain est d&rsquo;environ 130 morts et 200 bless\u00e9s.<\/p>\n<div align=\"center\"><img decoding=\"async\" src=\"\/IMG\/jpg\/ppp.jpg\" width=400><\/div>\n<p>Que pouvons-nous faire ?<\/p>\n<p>PRIER, pour les personnes qui ont trouv\u00e9 la mort durant ces \u00e9v\u00e8nements,<\/p>\n<p>PRIER, pour les familles des victimes,<\/p>\n<p>PRIER, pour les personnes bless\u00e9es et pour leur r\u00e9tablissement,<\/p>\n<p>RENDRE GR\u00e0\u201aCE, pour la r\u00e9action des forces de l&rsquo;ordre,<\/p>\n<p>RENDRE GR\u00e0\u201aCE, car les kamikazes au stade de France auraient pu faire plus de d\u00e9g ts,<\/p>\n<p>RENDRE GR\u00e0\u201aCE, pour les rescap\u00e9s, et notamment ceux du Bataclan,<\/p>\n<p>PRIER, POUR LA PAIX DES HOMMES<\/p>\n<p><iframe loading=\"lazy\" width=\"560\" height=\"315\" src=\"https:\/\/www.youtube.com\/embed\/vm9Lgo1zlPw\" frameborder=\"0\" allowfullscreen><\/iframe><\/p>\n<p>Je vous laisse regarder dans le document World Tribute qui suit, les manifestations de sympathie recueillies un peu partout dans le monde et le [message de paix et d&rsquo;amour de Mgr Andr\u00e9 Vingt-Trois->www.paris.catholique.fr\/], lors de son hom\u00e9lie de la messe de dimanche dernier, \u00e0\u00a0 Notre Dame de Paris.<\/p><\/div>\n","protected":false},"excerpt":{"rendered":"<p>Ce vendredi 13 novembre, des attentats kamikazes ont \u00e9t\u00e9 perp\u00e9tr\u00e9s \u00e0\u00a0 Paris, en diff\u00e9rents lieux de la capitale. Le bilan humain est d&rsquo;environ 130 morts et 200 bless\u00e9s. Que pouvons-nous faire ? PRIER, pour&#46;&#46;&#46;<\/p>\n","protected":false},"author":2,"featured_media":0,"comment_status":"open","ping_status":"open","sticky":false,"template":"","format":"standard","meta":{"footnotes":""},"categories":[],"tags":[],"class_list":["post-939","post","type-post","status-publish","format-standard","hentry"],"_links":{"self":[{"href":"http:\/\/www.chapelle-crecy.com\/index.php?rest_route=\/wp\/v2\/posts\/939","targetHints":{"allow":["GET"]}}],"collection":[{"href":"http:\/\/www.chapelle-crecy.com\/index.php?rest_route=\/wp\/v2\/posts"}],"about":[{"href":"http:\/\/www.chapelle-crecy.com\/index.php?rest_route=\/wp\/v2\/types\/post"}],"author":[{"embeddable":true,"href":"http:\/\/www.chapelle-crecy.com\/index.php?rest_route=\/wp\/v2\/users\/2"}],"replies":[{"embeddable":true,"href":"http:\/\/www.chapelle-crecy.com\/index.php?rest_route=%2Fwp%2Fv2%2Fcomments&post=939"}],"version-history":[{"count":0,"href":"http:\/\/www.chapelle-crecy.com\/index.php?rest_route=\/wp\/v2\/posts\/939\/revisions"}],"wp:attachment":[{"href":"http:\/\/www.chapelle-crecy.com\/index.php?rest_route=%2Fwp%2Fv2%2Fmedia&parent=939"}],"wp:term":[{"taxonomy":"category","embeddable":true,"href":"http:\/\/www.chapelle-crecy.com\/index.php?rest_route=%2Fwp%2Fv2%2Fcategories&post=939"},{"taxonomy":"post_tag","embeddable":true,"href":"http:\/\/www.chapelle-crecy.com\/index.php?rest_route=%2Fwp%2Fv2%2Ftags&post=939"}],"curies":[{"name":"wp","href":"https:\/\/api.w.org\/{rel}","templated":true}]}}