{"id":940,"date":"2015-11-19T11:51:49","date_gmt":"2015-11-19T11:51:49","guid":{"rendered":""},"modified":"-0001-11-30T00:00:00","modified_gmt":"-0001-11-29T22:00:00","slug":"","status":"publish","type":"post","link":"http:\/\/www.chapelle-crecy.com\/?p=940","title":{"rendered":"50. Comit\u00e9 Jean-Baptiste Vianney"},"content":{"rendered":"<div align=\"justify\">Le comit\u00e9 Jean-Baptiste Vianney organise tous les ans le repas de l&rsquo;amiti\u00e9, alternativement \u00e0 Crecy (salle Altmann) et \u00e0 Voulangis (au 104).<br \/>\nC&rsquo;est une soir\u00e9e conviviale qui permet de rassembler la paroisse.<br \/>\nLa prochaine soir\u00e9e est pr\u00e9vue d\u00e9but 2024.<br \/>\n<bR>\n<\/div>\n","protected":false},"excerpt":{"rendered":"<p>Le comit\u00e9 Jean-Baptiste Vianney organise tous les ans le repas de l&rsquo;amiti\u00e9, alternativement \u00e0 Crecy (salle Altmann) et \u00e0 Voulangis (au 104). C&rsquo;est une soir\u00e9e conviviale qui permet de rassembler la paroisse. La prochaine&#46;&#46;&#46;<\/p>\n","protected":false},"author":2,"featured_media":0,"comment_status":"open","ping_status":"open","sticky":false,"template":"","format":"standard","meta":{"footnotes":""},"categories":[],"tags":[],"class_list":["post-940","post","type-post","status-publish","format-standard","hentry"],"_links":{"self":[{"href":"http:\/\/www.chapelle-crecy.com\/index.php?rest_route=\/wp\/v2\/posts\/940","targetHints":{"allow":["GET"]}}],"collection":[{"href":"http:\/\/www.chapelle-crecy.com\/index.php?rest_route=\/wp\/v2\/posts"}],"about":[{"href":"http:\/\/www.chapelle-crecy.com\/index.php?rest_route=\/wp\/v2\/types\/post"}],"author":[{"embeddable":true,"href":"http:\/\/www.chapelle-crecy.com\/index.php?rest_route=\/wp\/v2\/users\/2"}],"replies":[{"embeddable":true,"href":"http:\/\/www.chapelle-crecy.com\/index.php?rest_route=%2Fwp%2Fv2%2Fcomments&post=940"}],"version-history":[{"count":0,"href":"http:\/\/www.chapelle-crecy.com\/index.php?rest_route=\/wp\/v2\/posts\/940\/revisions"}],"wp:attachment":[{"href":"http:\/\/www.chapelle-crecy.com\/index.php?rest_route=%2Fwp%2Fv2%2Fmedia&parent=940"}],"wp:term":[{"taxonomy":"category","embeddable":true,"href":"http:\/\/www.chapelle-crecy.com\/index.php?rest_route=%2Fwp%2Fv2%2Fcategories&post=940"},{"taxonomy":"post_tag","embeddable":true,"href":"http:\/\/www.chapelle-crecy.com\/index.php?rest_route=%2Fwp%2Fv2%2Ftags&post=940"}],"curies":[{"name":"wp","href":"https:\/\/api.w.org\/{rel}","templated":true}]}}