{"id":941,"date":"2015-11-22T17:51:42","date_gmt":"2015-11-22T17:51:42","guid":{"rendered":""},"modified":"-0001-11-30T00:00:00","modified_gmt":"-0001-11-29T22:00:00","slug":"","status":"publish","type":"post","link":"http:\/\/www.chapelle-crecy.com\/?p=941","title":{"rendered":"Annonces du 23 au 29 novembre 2015"},"content":{"rendered":"<div align=\"justify\">Voici les annonces de la semaine du lundi 23 au dimanche 29 novembre 2015 pour la paroisse des 3 clochers Cr\u00e9cy-la-Chapelle, Villiers-sur-Morin, Voulangis. <\/p>\n<p>Samedi 28 \u00e0\u00a0 18 h 30, messe \u00e0\u00a0 Voulangis,<br \/>\nDimanche 29 \u00e0\u00a0 10 h 30, messe \u00e0\u00a0 Cr\u00e9cy.<\/p>\n<p>Tous les d\u00e9tails dans la suite &#8230;\n<\/p><\/div>\n<table border=0>\n<tbody>\n<tr>\n<td>\n<div align=\"center\">\n<table bgcolor =\"F0F0F6\" border=0>\n<tbody>\n<td ><font color=\"0E0C40\"><\/p>\n<div align=\"center\"><b>Lundi 23 novembre<\/b><\/p>\n<p>17 h  C\u00e9l\u00e9bration \u00e0 la Maison de Retraite.<\/p>\n<p><b>Mardi 24 novembre<\/b><br \/>\n<i>Sts martyrs du Vietman<\/i> <\/p>\n<p>18 h &#8211; Messe \u00e0 Cr\u00e9cy pour  Janine DELAVENA, G\u00e9rard LOYER et Andr\u00e9 RENAULT.<\/p>\n<p><b>Mercredi 25 novembre<\/b><br \/>\n<i>Ste Catherine d&rsquo;Alexandrie<\/i><\/p>\n<p>9 h &#8211; Messe \u00e0 Cr\u00e9cy pour C\u00e9line CHARLES, Jacqueline LAHAYE et Jean MARTINAND.<\/p>\n<p>15 h 30 &#8211;  A Cr\u00e9cy, obs\u00e8ques  d&rsquo;Enzo CARLI.\n<\/p><\/div>\n<p><\/font><\/td>\n<td><font color=\"0E0C40\"><\/p>\n<div align=\"center\"><img decoding=\"async\" src=\"\/IMG\/personnes\/catherine_alexandrie.jpg\" width=250><br \/>Ste Catherine d&rsquo;Alexandrie\n<\/div>\n<p><\/font><\/td>\n<\/tr>\n<\/tbody>\n<\/table>\n<table bgcolor =\"FFF6F0\" border=0>\n<tbody>\n<tr>\n<td><font color=\"00CC00\"><\/p>\n<div align=\"center\"><img decoding=\"async\" src=\"\/IMG\/personnes\/delphine.jpg\" width=250><br \/>\n<i>Ste Delphine<\/i>\n<\/div>\n<p><\/font><\/td>\n<td><font color=\"00CC00\"><\/p>\n<div align=\"center\">\n<p><b>Jeudi 26 novembre<\/b><br \/>\n<i>Ste Delphine<\/i><\/p>\n<p>18 h &#8211; Messe \u00e0 Cr\u00e9cy pour Mich\u00e8le HAESE, Patrick FARAULT et  Pierre BOURGET.<\/p>\n<p><b>Vendredi 27 novembre<\/b><\/p>\n<p>9 h  Messe \u00e0 Cr\u00e9cy pour Bernard HUTHSTEINER, et Helena MLINSKA.<\/p>\n<\/div>\n<p><\/font><\/td>\n<\/tr>\n<\/tbody>\n<\/table>\n<table bgcolor =\"F0F0F6\" border=0>\n<tbody>\n<tr>\n<td><font color=\"0020FF\"><\/p>\n<div align=\"center\"><b>Samedi 28 novembre<\/b><\/p>\n<p>18 h 30 &#8211; Messe \u00e0 Voulangis pour Val\u00e9rie SCHULER, Lucette BRASILLIER et  Jean ROSIER.<\/p>\n<p><b>Dimanche 29 novembre<\/b><br \/>\n<i>Premier Dimanche de l&rsquo;Avent<\/i><\/p>\n<p>10 h 30 &#8211; Messe \u00e0 Cr\u00e9cy pour  Lucien GORRET, Marc CALONNE et Jacqueline BLEZY. Nous prions aussi pour Enzo CARLI inhum\u00e9 mercredi ainsi que pour son fr\u00e8re Pierre disparu il y a 3 semaines.<\/p>\n<p>A la fin des messes des 28 et 29 novembre qu\u00eate pour  LES CHANTIERS DU CARDINAL et vente des couronnes de l&rsquo;Avent.\n<\/p><\/div>\n<p><\/font><\/td>\n<td><font color=\"0020FF\"><\/p>\n<div align=\"center\"><img decoding=\"async\" src=\"\/IMG\/lieux\/stgeorges15.jpg\"  width=300><\/div>\n<p><\/font><\/td>\n<\/tr>\n<\/tbody>\n<\/table>\n<\/div>\n<\/td>\n<\/tr>\n<\/tbody>\n<\/table>\n","protected":false},"excerpt":{"rendered":"<p>Voici les annonces de la semaine du lundi 23 au dimanche 29 novembre 2015 pour la paroisse des 3 clochers Cr\u00e9cy-la-Chapelle, Villiers-sur-Morin, Voulangis. Samedi 28 \u00e0\u00a0 18 h 30, messe \u00e0\u00a0 Voulangis, Dimanche 29&#46;&#46;&#46;<\/p>\n","protected":false},"author":2,"featured_media":0,"comment_status":"open","ping_status":"open","sticky":false,"template":"","format":"standard","meta":{"footnotes":""},"categories":[],"tags":[],"class_list":["post-941","post","type-post","status-publish","format-standard","hentry"],"_links":{"self":[{"href":"http:\/\/www.chapelle-crecy.com\/index.php?rest_route=\/wp\/v2\/posts\/941","targetHints":{"allow":["GET"]}}],"collection":[{"href":"http:\/\/www.chapelle-crecy.com\/index.php?rest_route=\/wp\/v2\/posts"}],"about":[{"href":"http:\/\/www.chapelle-crecy.com\/index.php?rest_route=\/wp\/v2\/types\/post"}],"author":[{"embeddable":true,"href":"http:\/\/www.chapelle-crecy.com\/index.php?rest_route=\/wp\/v2\/users\/2"}],"replies":[{"embeddable":true,"href":"http:\/\/www.chapelle-crecy.com\/index.php?rest_route=%2Fwp%2Fv2%2Fcomments&post=941"}],"version-history":[{"count":0,"href":"http:\/\/www.chapelle-crecy.com\/index.php?rest_route=\/wp\/v2\/posts\/941\/revisions"}],"wp:attachment":[{"href":"http:\/\/www.chapelle-crecy.com\/index.php?rest_route=%2Fwp%2Fv2%2Fmedia&parent=941"}],"wp:term":[{"taxonomy":"category","embeddable":true,"href":"http:\/\/www.chapelle-crecy.com\/index.php?rest_route=%2Fwp%2Fv2%2Fcategories&post=941"},{"taxonomy":"post_tag","embeddable":true,"href":"http:\/\/www.chapelle-crecy.com\/index.php?rest_route=%2Fwp%2Fv2%2Ftags&post=941"}],"curies":[{"name":"wp","href":"https:\/\/api.w.org\/{rel}","templated":true}]}}