{"id":942,"date":"2015-11-23T19:57:26","date_gmt":"2015-11-23T19:57:26","guid":{"rendered":""},"modified":"-0001-11-30T00:00:00","modified_gmt":"-0001-11-29T22:00:00","slug":"","status":"publish","type":"post","link":"http:\/\/www.chapelle-crecy.com\/?p=942","title":{"rendered":"Les march\u00e9s de no\u00ebl de Amiti\u00e9-Brie-B\u00e9nin"},"content":{"rendered":"<p>Comme chaque ann\u00e9e, l&rsquo;association Amiti\u00e9-Brie-B\u00e9nin participe au march\u00e9 de no\u00f6l en proposant des objets d&rsquo;artisanat b\u00e9ninois.<br \/>\nElle prendra part:<br \/>\n&#8211; Au March\u00e9 de l&rsquo;Avent de Pielenhofen (Bavi\u00e8re), le 29 novembre<br \/>\n&#8211; Au March\u00e9 de No\u00f6l de Pommeuse (place de Tresmes), le samedi 12 d\u00e9cembre<br \/>\n&#8211; Au March\u00e9 de No\u00f6l de Gu\u00e9rard (Maison des Georg\u00e8res ), le dimanche 20 d\u00e9cembre.<br \/>\nA noter: l&rsquo;association ne sera pas pr\u00e9sente sur le March\u00e9 de No\u00ebl de Cr\u00e9cy\u00e2\u20ac\u0090la\u00e2\u20ac\u0090Chapelle cette ann\u00e9e.<br \/>\nPour offrir votre aide ou pour tout renseignement, vous pouvez contacter la coordinatrice au 06 16 33 47 57<br \/>\nMerci de votre participation qui contribuera \u00e0 la construction de 3 classes.  <\/p>\n<p>Association Amiti\u00e9 Brie\u00e2\u20ac\u0090B\u00e9nin<br \/>\nFerme et \u00e9cole de Tori<br \/>\nMairie<br \/>\n3 rue du G\u00e9n\u00e9ral Leclerc<br \/>\n77580 CRECY\u00e2\u20ac\u0090la\u00e2\u20ac\u0090CHAPELLE<br \/>\nCourriel : amitie.briebenin@gmail.com<br \/>\nSite : www.amitie-brie-benin.com<\/p>\n","protected":false},"excerpt":{"rendered":"<p>Comme chaque ann\u00e9e, l&rsquo;association Amiti\u00e9-Brie-B\u00e9nin participe au march\u00e9 de no\u00f6l en proposant des objets d&rsquo;artisanat b\u00e9ninois. Elle prendra part: &#8211; Au March\u00e9 de l&rsquo;Avent de Pielenhofen (Bavi\u00e8re), le 29 novembre &#8211; Au March\u00e9 de&#46;&#46;&#46;<\/p>\n","protected":false},"author":2,"featured_media":0,"comment_status":"open","ping_status":"open","sticky":false,"template":"","format":"standard","meta":{"footnotes":""},"categories":[],"tags":[],"class_list":["post-942","post","type-post","status-publish","format-standard","hentry"],"_links":{"self":[{"href":"http:\/\/www.chapelle-crecy.com\/index.php?rest_route=\/wp\/v2\/posts\/942","targetHints":{"allow":["GET"]}}],"collection":[{"href":"http:\/\/www.chapelle-crecy.com\/index.php?rest_route=\/wp\/v2\/posts"}],"about":[{"href":"http:\/\/www.chapelle-crecy.com\/index.php?rest_route=\/wp\/v2\/types\/post"}],"author":[{"embeddable":true,"href":"http:\/\/www.chapelle-crecy.com\/index.php?rest_route=\/wp\/v2\/users\/2"}],"replies":[{"embeddable":true,"href":"http:\/\/www.chapelle-crecy.com\/index.php?rest_route=%2Fwp%2Fv2%2Fcomments&post=942"}],"version-history":[{"count":0,"href":"http:\/\/www.chapelle-crecy.com\/index.php?rest_route=\/wp\/v2\/posts\/942\/revisions"}],"wp:attachment":[{"href":"http:\/\/www.chapelle-crecy.com\/index.php?rest_route=%2Fwp%2Fv2%2Fmedia&parent=942"}],"wp:term":[{"taxonomy":"category","embeddable":true,"href":"http:\/\/www.chapelle-crecy.com\/index.php?rest_route=%2Fwp%2Fv2%2Fcategories&post=942"},{"taxonomy":"post_tag","embeddable":true,"href":"http:\/\/www.chapelle-crecy.com\/index.php?rest_route=%2Fwp%2Fv2%2Ftags&post=942"}],"curies":[{"name":"wp","href":"https:\/\/api.w.org\/{rel}","templated":true}]}}