{"id":943,"date":"2015-11-29T15:19:58","date_gmt":"2015-11-29T15:19:58","guid":{"rendered":""},"modified":"-0001-11-30T00:00:00","modified_gmt":"-0001-11-29T22:00:00","slug":"","status":"publish","type":"post","link":"http:\/\/www.chapelle-crecy.com\/?p=943","title":{"rendered":"Annonces du 30 novembre au 6 d\u00e9cembre 2015"},"content":{"rendered":"<div align=\"justify\">Voici les annonces de la semaine du lundi 30 novembre au dimanche 6 d\u00e9cembre 2015 pour la paroisse des 3 clochers Cr\u00e9cy-la-Chapelle, Villiers-sur-Morin, Voulangis. <\/p>\n<p>Samedi 5 \u00e0\u00a0 18 h 30, messe de confirmation \u00e0\u00a0 Cr\u00e9cy,<br \/>\nDimanche 6 \u00e0\u00a0 10 h 30, messe \u00e0\u00a0 Cr\u00e9cy.<\/p>\n<p>Tous les d\u00e9tails dans la suite &#8230;\n<\/p><\/div>\n<div align=\"center\">\n<table bgcolor =\"F0F0F6\" border=0>\n<tbody>\n<td ><font color=\"0E0C40\"><\/p>\n<div align=\"center\"><b>Lundi 30 novembre<\/b><\/p>\n<p>17 h  Messe \u00e0 la Maison de Retraite.<\/p>\n<p><b>Mardi 1er d\u00e9cembre<\/b><br \/>\n<i>Saint Eloi<\/i> <\/p>\n<p>16 h &#8211; Obs\u00e8que de Bousquet Michelle \u00e0 Cr\u00e9cy<br \/>18 h &#8211; Messe \u00e0 Cr\u00e9cy pour Maria AZEVEDO et Roger DUFAUX.<\/p>\n<p><b>Mercredi 2 d\u00e9cembre<\/b><\/p>\n<p>18 h &#8211; Messe \u00e0 Cr\u00e9cy pour Jean et Simone BLAVIER.<\/p>\n<\/div>\n<p><\/font><\/td>\n<td><font color=\"0E0C40\"><\/p>\n<div align=\"center\"><img decoding=\"async\" src=\"\/IMG\/personnes\/eloi.jpg\" width=300><br \/>St Eloi\n<\/div>\n<p><\/font><\/td>\n<\/tr>\n<\/tbody>\n<\/table>\n<table bgcolor =\"FFF6F0\" border=0>\n<tbody>\n<tr>\n<td><font color=\"00CC00\"><\/p>\n<div align=\"center\"><img decoding=\"async\" src=\"\/IMG\/personnes\/Francois-xavier.jpg\" width=250><br \/>\n<i>St Fran\u00e7ois-Xavier<\/i>\n<\/div>\n<p><\/font><\/td>\n<td><font color=\"00CC00\"><\/p>\n<div align=\"center\">\n<p><b>Jeudi 3 d\u00e9cembre<\/b><br \/>\n<i>St Fran\u00e7ois-Xavier<\/i><\/p>\n<p>9 h &#8211; Messe \u00e0 Cr\u00e9cy pour Christiane MEIGNANT et Guy LAGORSSE.<\/p>\n<p><b>Vendredi 4 d\u00e9cembre<\/b><\/p>\n<p>9 h  Messe \u00e0 Cr\u00e9cy pour la famille THION-MUNIER et Georges PAQUET.<br \/>\n9 h 30 &#8211; Adoration  du Saint Sacrement dans la chapelle de la Vierge.\n<\/div>\n<p><\/font><\/td>\n<\/tr>\n<\/tbody>\n<\/table>\n<table bgcolor =\"F0F0F6\" border=0>\n<tbody>\n<tr>\n<td><font color=\"0020FF\"><\/p>\n<div align=\"center\"><b>Samedi 5 d\u00e9cembre<\/b><\/p>\n<p>18 h 30 &#8211; Messe  de Confirmation \u00e0 Cr\u00e9cy (pas de messe anticip\u00e9e \u00e0 Villiers)<\/p>\n<p><b>Dimanche 6 d\u00e9cembre<\/b><br \/>\n<i>Deuxi\u00e8me Dimanche de l&rsquo;Avent<\/i><\/p>\n<p>10 h 30 &#8211;  A Cr\u00e9cy, messe avec la participation des enfants du cat\u00e9chisme. Elle sera c\u00e9l\u00e9br\u00e9e pour Alphonse MOREL et Damiano CAVALIERE.<br \/>\nCe sera \u00e9galement le Bapt\u00eame de Charlotte COUEDEL.\n<\/div>\n<p><\/font><\/td>\n<td><font color=\"0020FF\"><\/p>\n<div align=\"center\"><img decoding=\"async\" src=\"\/IMG\/lieux\/stgeorges20.jpg\"  width=300><\/div>\n<p><\/font><\/td>\n<\/tr>\n<\/tbody>\n<\/table>\n<\/div>\n","protected":false},"excerpt":{"rendered":"<p>Voici les annonces de la semaine du lundi 30 novembre au dimanche 6 d\u00e9cembre 2015 pour la paroisse des 3 clochers Cr\u00e9cy-la-Chapelle, Villiers-sur-Morin, Voulangis. Samedi 5 \u00e0\u00a0 18 h 30, messe de confirmation \u00e0\u00a0&#46;&#46;&#46;<\/p>\n","protected":false},"author":2,"featured_media":0,"comment_status":"open","ping_status":"open","sticky":false,"template":"","format":"standard","meta":{"footnotes":""},"categories":[],"tags":[],"class_list":["post-943","post","type-post","status-publish","format-standard","hentry"],"_links":{"self":[{"href":"http:\/\/www.chapelle-crecy.com\/index.php?rest_route=\/wp\/v2\/posts\/943","targetHints":{"allow":["GET"]}}],"collection":[{"href":"http:\/\/www.chapelle-crecy.com\/index.php?rest_route=\/wp\/v2\/posts"}],"about":[{"href":"http:\/\/www.chapelle-crecy.com\/index.php?rest_route=\/wp\/v2\/types\/post"}],"author":[{"embeddable":true,"href":"http:\/\/www.chapelle-crecy.com\/index.php?rest_route=\/wp\/v2\/users\/2"}],"replies":[{"embeddable":true,"href":"http:\/\/www.chapelle-crecy.com\/index.php?rest_route=%2Fwp%2Fv2%2Fcomments&post=943"}],"version-history":[{"count":0,"href":"http:\/\/www.chapelle-crecy.com\/index.php?rest_route=\/wp\/v2\/posts\/943\/revisions"}],"wp:attachment":[{"href":"http:\/\/www.chapelle-crecy.com\/index.php?rest_route=%2Fwp%2Fv2%2Fmedia&parent=943"}],"wp:term":[{"taxonomy":"category","embeddable":true,"href":"http:\/\/www.chapelle-crecy.com\/index.php?rest_route=%2Fwp%2Fv2%2Fcategories&post=943"},{"taxonomy":"post_tag","embeddable":true,"href":"http:\/\/www.chapelle-crecy.com\/index.php?rest_route=%2Fwp%2Fv2%2Ftags&post=943"}],"curies":[{"name":"wp","href":"https:\/\/api.w.org\/{rel}","templated":true}]}}