{"id":944,"date":"2015-12-04T22:02:03","date_gmt":"2015-12-04T22:02:03","guid":{"rendered":""},"modified":"-0001-11-30T00:00:00","modified_gmt":"-0001-11-29T22:00:00","slug":"","status":"publish","type":"post","link":"http:\/\/www.chapelle-crecy.com\/?p=944","title":{"rendered":"Annonces du 7 au 13 d\u00e9cembre 2015"},"content":{"rendered":"<div align=\"justify\">Voici les annonces de la semaine du lundi 7 au dimanche 13 d\u00e9cembre 2015 pour la paroisse des 3 clochers Cr\u00e9cy-la-Chapelle, Villiers-sur-Morin, Voulangis. <\/p>\n<p>Samedi 12 \u00e0\u00a0 18 h 30, messe \u00e0\u00a0 Voulangis,<br \/>\nDimanche 13 \u00e0\u00a0 10 h 30, messe \u00e0\u00a0 Cr\u00e9cy.<\/p>\n<p>Tous les d\u00e9tails dans la suite &#8230;\n<\/p><\/div>\n<div align=\"center\">\n<table bgcolor =\"F0F0F6\" border=0>\n<tbody>\n<td ><font color=\"0E0C40\"><\/p>\n<div align=\"center\"><b>Lundi 7 d\u00e9cembre<\/b><\/p>\n<p>17 h  C\u00e9l\u00e9bration \u00e0 la Maison de Retraite.<\/p>\n<p><b>Mardi 8 d\u00e9cembre<\/b><br \/>\n<i>IMMACULEE CONCEPTION<\/i> <\/p>\n<p>20 h 30 &#8211; Messe \u00e0 Cr\u00e9cy pour Jeannine PERRICHON, Maurice CAUGNE et Georges PICARD.<\/p>\n<p><b>Mercredi 9 d\u00e9cembre<\/b><\/p>\n<p>9 h &#8211; Messe \u00e0 Cr\u00e9cy pour Claudine AVANZINI et Germaine VERNILLET.<\/p>\n<\/div>\n<p><\/font><\/td>\n<td><font color=\"0E0C40\"><\/p>\n<div align=\"center\"><img decoding=\"async\" src=\"\/IMG\/personnes\/immaculee_conception.jpg\" width=300>\n<\/div>\n<p><\/font><\/td>\n<\/tr>\n<\/tbody>\n<\/table>\n<table bgcolor =\"FFF6F0\" border=0>\n<tbody>\n<tr>\n<td><font color=\"00CC00\"><\/p>\n<div align=\"center\"><img decoding=\"async\" src=\"\/IMG\/personnes\/daniel.jpg\" width=250><br \/>\n<i>St Daniel le Stylite<\/i>\n<\/div>\n<p><\/font><\/td>\n<td><font color=\"00CC00\"><\/p>\n<div align=\"center\">\n<p><b>Jeudi 10 d\u00e9cembre<\/b><br \/>\n<i><\/i><\/p>\n<p>18 h &#8211; Messe \u00e0 Cr\u00e9cy pour Paule THOMAS, Jacques GOSSET et Lucien GORRET.<\/p>\n<p><b>Vendredi 11 d\u00e9cembre<\/b><\/p>\n<p>9 h  Messe \u00e0 Cr\u00e9cy pour Raymonde LEROUX, Philippe CABARET et Gilbert   BERLINGUEZ.<br \/>\n10h &#8211; A Villiers, obs\u00e8ques de Nelly DELORAINE n\u00e9e DUWARD.<\/p>\n<\/div>\n<p><\/font><\/td>\n<\/tr>\n<\/tbody>\n<\/table>\n<table bgcolor =\"F0F0F6\" border=0>\n<tbody>\n<tr>\n<td><font color=\"0020FF\"><\/p>\n<div align=\"center\"><b>Samedi 12 d\u00e9cembre<\/b><br \/>\n18 h 30 &#8211; Messe \u00e0 Voulangis pour Maryvonne MATHONNET, Jean-Charles POTEL et Nicole ANGER.<\/p>\n<p><b>Dimanche 13 d\u00e9cembre<\/b><br \/>\n<i>Troisi\u00e8me Dimanche de l&rsquo;Avent<\/i><\/p>\n<p>10 h 30 &#8211;  A Cr\u00e9cy, messe pour Fran\u00e7ois de LAUBRIERE, Claudine GROSJEAN et Pierre LOUIS.<\/p>\n<p>Vente de chocolats  au profit du BURKINA FASO \u00e0 la fin des messes :<br \/>\n&#8211; du Dimanche 6, \u00e0 Cr\u00e9cy<br \/>\n&#8211; du Samedi 12 \u00e0 Voulangis.\n<\/p><\/div>\n<p><\/font><\/td>\n<td><font color=\"0020FF\"><\/p>\n<div align=\"center\"><img decoding=\"async\" src=\"\/IMG\/lieux\/voulangis_eglise4.jpg\"  width=300><\/div>\n<p><\/font><\/td>\n<\/tr>\n<\/tbody>\n<\/table>\n<\/div>\n","protected":false},"excerpt":{"rendered":"<p>Voici les annonces de la semaine du lundi 7 au dimanche 13 d\u00e9cembre 2015 pour la paroisse des 3 clochers Cr\u00e9cy-la-Chapelle, Villiers-sur-Morin, Voulangis. Samedi 12 \u00e0\u00a0 18 h 30, messe \u00e0\u00a0 Voulangis, Dimanche 13&#46;&#46;&#46;<\/p>\n","protected":false},"author":2,"featured_media":0,"comment_status":"open","ping_status":"open","sticky":false,"template":"","format":"standard","meta":{"footnotes":""},"categories":[],"tags":[],"class_list":["post-944","post","type-post","status-publish","format-standard","hentry"],"_links":{"self":[{"href":"http:\/\/www.chapelle-crecy.com\/index.php?rest_route=\/wp\/v2\/posts\/944","targetHints":{"allow":["GET"]}}],"collection":[{"href":"http:\/\/www.chapelle-crecy.com\/index.php?rest_route=\/wp\/v2\/posts"}],"about":[{"href":"http:\/\/www.chapelle-crecy.com\/index.php?rest_route=\/wp\/v2\/types\/post"}],"author":[{"embeddable":true,"href":"http:\/\/www.chapelle-crecy.com\/index.php?rest_route=\/wp\/v2\/users\/2"}],"replies":[{"embeddable":true,"href":"http:\/\/www.chapelle-crecy.com\/index.php?rest_route=%2Fwp%2Fv2%2Fcomments&post=944"}],"version-history":[{"count":0,"href":"http:\/\/www.chapelle-crecy.com\/index.php?rest_route=\/wp\/v2\/posts\/944\/revisions"}],"wp:attachment":[{"href":"http:\/\/www.chapelle-crecy.com\/index.php?rest_route=%2Fwp%2Fv2%2Fmedia&parent=944"}],"wp:term":[{"taxonomy":"category","embeddable":true,"href":"http:\/\/www.chapelle-crecy.com\/index.php?rest_route=%2Fwp%2Fv2%2Fcategories&post=944"},{"taxonomy":"post_tag","embeddable":true,"href":"http:\/\/www.chapelle-crecy.com\/index.php?rest_route=%2Fwp%2Fv2%2Ftags&post=944"}],"curies":[{"name":"wp","href":"https:\/\/api.w.org\/{rel}","templated":true}]}}