{"id":945,"date":"2015-12-07T15:13:04","date_gmt":"2015-12-07T15:13:04","guid":{"rendered":""},"modified":"-0001-11-30T00:00:00","modified_gmt":"-0001-11-29T22:00:00","slug":"","status":"publish","type":"post","link":"http:\/\/www.chapelle-crecy.com\/?p=945","title":{"rendered":"Concert au profit de Madagascar"},"content":{"rendered":"<p>L&rsquo;association \u00ab Sounds for Tana \u00bb organise des concerts en faveur des plus d\u00e9munis de Madagascar, pour faire conna\u00eetre l&rsquo;oeuvre du P\u00e8re Pedro Opeka et la soutenir financi\u00e8rement.<\/p>\n<p>Dans ce cadre le 12 d\u00e9cembre prochain \u00e0\u00a0 La Houssaye, vous pourrez assister \u00e0\u00a0 un concert bas\u00e9 sur des reprises du c\u00e9l\u00e8bre groupe \u00ab\u00a0Queen\u00a0\u00bb<\/p>\n<div align=\"center\"><img decoding=\"async\" src=\"\/IMG\/affiches\/lh_121215.jpg\"><\/div>\n","protected":false},"excerpt":{"rendered":"<p>L&rsquo;association \u00ab Sounds for Tana \u00bb organise des concerts en faveur des plus d\u00e9munis de Madagascar, pour faire conna\u00eetre l&rsquo;oeuvre du P\u00e8re Pedro Opeka et la soutenir financi\u00e8rement. Dans ce cadre le 12 d\u00e9cembre&#46;&#46;&#46;<\/p>\n","protected":false},"author":2,"featured_media":0,"comment_status":"open","ping_status":"open","sticky":false,"template":"","format":"standard","meta":{"footnotes":""},"categories":[],"tags":[],"class_list":["post-945","post","type-post","status-publish","format-standard","hentry"],"_links":{"self":[{"href":"http:\/\/www.chapelle-crecy.com\/index.php?rest_route=\/wp\/v2\/posts\/945","targetHints":{"allow":["GET"]}}],"collection":[{"href":"http:\/\/www.chapelle-crecy.com\/index.php?rest_route=\/wp\/v2\/posts"}],"about":[{"href":"http:\/\/www.chapelle-crecy.com\/index.php?rest_route=\/wp\/v2\/types\/post"}],"author":[{"embeddable":true,"href":"http:\/\/www.chapelle-crecy.com\/index.php?rest_route=\/wp\/v2\/users\/2"}],"replies":[{"embeddable":true,"href":"http:\/\/www.chapelle-crecy.com\/index.php?rest_route=%2Fwp%2Fv2%2Fcomments&post=945"}],"version-history":[{"count":0,"href":"http:\/\/www.chapelle-crecy.com\/index.php?rest_route=\/wp\/v2\/posts\/945\/revisions"}],"wp:attachment":[{"href":"http:\/\/www.chapelle-crecy.com\/index.php?rest_route=%2Fwp%2Fv2%2Fmedia&parent=945"}],"wp:term":[{"taxonomy":"category","embeddable":true,"href":"http:\/\/www.chapelle-crecy.com\/index.php?rest_route=%2Fwp%2Fv2%2Fcategories&post=945"},{"taxonomy":"post_tag","embeddable":true,"href":"http:\/\/www.chapelle-crecy.com\/index.php?rest_route=%2Fwp%2Fv2%2Ftags&post=945"}],"curies":[{"name":"wp","href":"https:\/\/api.w.org\/{rel}","templated":true}]}}